{"id":452,"date":"2020-10-23T11:31:47","date_gmt":"2020-10-23T09:31:47","guid":{"rendered":"https:\/\/www.potreby.info\/dum-a-bydleni\/blog\/?p=452"},"modified":"2020-10-31T10:59:48","modified_gmt":"2020-10-31T09:59:48","slug":"jak-se-starat-o-zahradni-nabytek-aby-byl-stale-jako-novy","status":"publish","type":"post","link":"https:\/\/www.potreby.info\/dum-a-bydleni\/blog\/jak-se-starat-o-zahradni-nabytek-aby-byl-stale-jako-novy\/","title":{"rendered":"Jak se starat o zahradn\u00ed n\u00e1bytek, aby byl st\u00e1le jako\u00a0nov\u00fd"},"content":{"rendered":"\n<p>Pokud chceme, aby n\u00e1\u0161 <strong><a href=\"https:\/\/www.potreby.info\/dum-a-bydleni\/zahradn%C3%AD-n%C3%A1bytek\/\">zahradn\u00ed n\u00e1bytek<\/a><\/strong> neztratil nic ze sv\u00e9 kr\u00e1sy a slou\u017eil n\u00e1m co nejd\u00e9le, mus\u00edme se o n\u011bj samoz\u0159ejm\u011b dob\u0159e starat.<br>Jak jsme se mohli do\u010d\u00edst v&nbsp;\u010dl\u00e1nku <a href=\"https:\/\/www.potreby.info\/dum-a-bydleni\/blog\/co-je-treba-zvazit-pred-vyberem-venkovniho-posezeni\/\">Co je t\u0159eba zv\u00e1\u017eit p\u0159ed v\u00fdb\u011brem venkovn\u00edho posezen\u00ed<\/a>, materi\u00e1ly pou\u017e\u00edvan\u00e9 na v\u00fdrobu <a href=\"http:\/\/n\u00e1bytku maj\u00ed r\u016fzn\u00e9 pozitivn\u00ed i negativn\u00ed vlastnosti a podle nich jsou tak\u00e9 r\u016fzn\u011b n\u00e1ro\u010dn\u00e9 na \u00fadr\u017ebu a uskladn\u011bn\u00ed.\">zahradn\u00edho n\u00e1bytku<\/a> maj\u00ed r\u016fzn\u00e9 pozitivn\u00ed i negativn\u00ed vlastnosti a podle nich jsou tak\u00e9 r\u016fzn\u011b n\u00e1ro\u010dn\u00e9 na \u00fadr\u017ebu a uskladn\u011bn\u00ed.<\/p>\n\n\n\n<!--more-->\n\n\n\n<figure class=\"wp-block-image size-large is-resized\"><a href=\"https:\/\/www.potreby.info\/dum-a-bydleni\/venkovn%C3%AD-n%C3%A1bytek\/\"><img loading=\"lazy\" decoding=\"async\" src=\"https:\/\/www.potreby.info\/dum-a-bydleni\/blog\/wp-content\/uploads\/2020\/10\/zahradni-lavicka-1024x533.jpg\" alt=\"zahradn\u00ed lavi\u010dka\" class=\"wp-image-78\" width=\"863\" height=\"448\"\/><\/a><figcaption>Jak se starat o zahradn\u00ed n\u00e1bytek<\/figcaption><\/figure>\n\n\n\n<p><strong>Ochrana<\/strong><br>Nejlep\u0161\u00ed strategi\u00ed je dob\u0159e pe\u010dovat o zahradn\u00ed n\u00e1bytek u\u017e od samotn\u00e9ho po\u0159\u00edzen\u00ed.<br>Mezi preventivn\u00ed opat\u0159en\u00ed pat\u0159\u00ed <strong>schov\u00e1n\u00ed<\/strong> n\u00e1bytku na noc pod st\u0159echu. Pokud tuto mo\u017enost nem\u00e1me a&nbsp;hroz\u00ed po navlhnut\u00ed koroze, \u010di jin\u00e9 po\u0161kozen\u00ed, po\u0159\u00edd\u00edme si na jeho zakryt\u00ed <strong><a href=\"https:\/\/www.potreby.info\/dum-a-bydleni\/obal-na-zahradn%C3%AD-n%C3%A1bytek\/\">obal na zahradn\u00ed n\u00e1bytek<\/a><\/strong>, kter\u00fd je k&nbsp;tomu ur\u010den\u00fd. Spolehliv\u011b ochr\u00e1n\u00ed schovan\u00fd n\u00e1bytek, a kdy\u017e ho nebudeme zrovna pot\u0159ebovat, slo\u017e\u00ed se do mal\u00e9ho bal\u00ed\u010dku.<\/p>\n\n\n\n<p><strong>\u010ci\u0161t\u011bn\u00ed<\/strong><br>P\u0159i \u010di\u0161t\u011bn\u00ed zahradn\u00edho n\u00e1bytku mus\u00edme v\u017edy dodr\u017eet <strong>postupy doporu\u010dovan\u00e9 v\u00fdrobcem<\/strong>, abychom nepo\u0161kodily povrch materi\u00e1lu a n\u00e1bytek z\u016fstal co nejd\u00e9le stejn\u00fd, jako ve chv\u00edli, kdy jsme si ho po\u0159\u00eddily.<\/p>\n\n\n\n<p><strong>Zazimov\u00e1n\u00ed<\/strong><br>Zazimov\u00e1n\u00ed zahradn\u00edho n\u00e1bytku, bychom m\u011bli tak\u00e9 v\u011bnovat n\u00e1le\u017eitou pozornost. Ne ka\u017ed\u00e9mu materi\u00e1lu toti\u017e sv\u011bd\u010d\u00ed mr\u00e1z, a tak je v\u017edy jist\u011bj\u0161\u00ed n\u00e1bytek uschovat a ochr\u00e1nit jej tak.<\/p>\n\n\n\n<h2 class=\"wp-block-heading\">PLASTOV\u00dd N\u00c1BYTEK<\/h2>\n\n\n\n<p><strong>Ochrana<\/strong><br><strong><a href=\"https:\/\/www.potreby.info\/dum-a-bydleni\/plastov%C3%BD-zahradn%C3%AD-n%C3%A1bytek\/\">Plastov\u00fd zahradn\u00ed n\u00e1bytek<\/a><\/strong> nen\u00ed nutn\u00e9 nijak povrchov\u011b o\u0161et\u0159ovat. Av\u0161ak n\u011bkter\u00e9 prost\u0159edky slou\u017e\u00edc\u00ed k&nbsp;<a href=\"https:\/\/www.potreby.info\/uklid\/ochrana-pevn%C3%BDch-povrch%C5%AF\/\">ochran\u011b pevn\u00fdch povrch\u016f<\/a>, dok\u00e1\u017e\u00ed na plastu vytvo\u0159it vrstvu, kter\u00e1 zabra\u0148uje usazov\u00e1n\u00ed ne\u010distot a tak velmi usnad\u0148uje jejich \u010di\u0161t\u011bn\u00ed. M\u016f\u017eeme si tak podstatn\u011b usnadnit pr\u00e1ci.<\/p>\n\n\n\n<p><strong>\u010ci\u0161t\u011bn\u00ed<\/strong><br>\u010ci\u0161t\u011bn\u00ed <a href=\"https:\/\/www.potreby.info\/dum-a-bydleni\/plastov%C3%BD-zahradn%C3%AD-n%C3%A1bytek\/\">plastov\u00e9ho n\u00e1bytku<\/a> je velmi snadn\u00e9. Sta\u010d\u00ed n\u00e1m k&nbsp;tomu pouze vla\u017en\u00e1 voda a had\u0159\u00edk. V&nbsp;p\u0159\u00edpad\u011b, \u017ee se \u0161p\u00edna nebude cht\u00edt pustit, pou\u017eijeme vhodn\u00fd \u010dist\u00edc\u00ed prost\u0159edek, nap\u0159\u00edklad na <strong><a href=\"https:\/\/www.potreby.info\/uklid\/%C4%8Di%C5%A1t%C4%9Bn%C3%AD-plastov%C3%A9ho-n%C3%A1bytku\/\">\u010di\u0161t\u011bn\u00ed plastov\u00e9ho n\u00e1bytku<\/a><\/strong>.<\/p>\n\n\n\n<p><strong>Zazimov\u00e1n\u00ed<\/strong><br><strong><a href=\"https:\/\/www.potreby.info\/dum-a-bydleni\/plastov%C3%BD-zahradn%C3%AD-n%C3%A1bytek\/\">Plastov\u00fd zahradn\u00ed n\u00e1bytek<\/a><\/strong> mus\u00edme na zimu v\u017edy <strong>uschovat do bezmraz\u00e9 m\u00edstnosti.<\/strong> Mr\u00e1z toti\u017e plast po\u0161kozuje a&nbsp;ten se st\u00e1v\u00e1 velmi k\u0159ehk\u00fdm a n\u00e1chyln\u00fdm k&nbsp;prasknut\u00ed.<\/p>\n\n\n\n<figure class=\"wp-block-image size-large is-resized\"><a href=\"https:\/\/www.potreby.info\/dum-a-bydleni\/kovov%C3%BD-zahradn%C3%AD-n%C3%A1bytek\/\"><img loading=\"lazy\" decoding=\"async\" src=\"https:\/\/www.potreby.info\/dum-a-bydleni\/blog\/wp-content\/uploads\/2020\/10\/zahradni-posezeni-kovova-lavicka-2-1024x533.jpg\" alt=\"zahradn\u00ed kovov\u00e1 lavi\u010dka\" class=\"wp-image-438\" width=\"881\" height=\"458\"\/><\/a><figcaption>Kovov\u00fd n\u00e1bytek<\/figcaption><\/figure>\n\n\n\n<h2 class=\"wp-block-heading\">KOVOV\u00dd N\u00c1BYTEK<\/h2>\n\n\n\n<p><strong>Ochrana<\/strong><br>N\u011bjak\u00e9 pravideln\u00e9 o\u0161et\u0159ov\u00e1n\u00ed povrch\u016f <strong><a href=\"https:\/\/www.potreby.info\/dum-a-bydleni\/kovov%C3%BD-zahradn%C3%AD-n%C3%A1bytek\/\">kovov\u00e9ho zahradn\u00ed n\u00e1bytku<\/a><\/strong> v&nbsp;podob\u011b n\u00e1t\u011bru u kvalitn\u00edch kus\u016f neb\u00fdv\u00e1 pot\u0159eba. Pro jistotu, ale n\u00e1bytek pravideln\u011b kontrolujte, a pokud by se objevily zn\u00e1mky rzi, je nutn\u00e9 toto m\u00edsto co nejd\u0159\u00edve o\u0161et\u0159it, aby se po\u0161kozen\u00ed neroz\u0161i\u0159ovalo. Rez obrous\u00edme a m\u00edsto nat\u0159eme antikorozn\u00ed podkladovou barvou a pot\u00e9 barevn\u011b lad\u00edc\u00ed povrchovou barvou. Toto nehroz\u00ed u hlin\u00edkov\u00e9ho n\u00e1bytku, ten&nbsp;korozi nepodl\u00e9h\u00e1.<br>Pokud je <a href=\"https:\/\/www.potreby.info\/dum-a-bydleni\/kovov%C3%BD-zahradn%C3%AD-n%C3%A1bytek\/\">kovov\u00fd zahradn\u00ed n\u00e1bytek<\/a> \u0161roubovan\u00fd kontrolujte, zda se \u0161rouby p\u0159i pou\u017e\u00edv\u00e1n\u00ed nepovolily. P\u0159edejdete tak nejen necht\u011bn\u00e9mu p\u00e1du, ale tak\u00e9 po\u0161kozen\u00ed konstrukce.<\/p>\n\n\n\n<p><strong>\u010ci\u0161t\u011bn\u00ed<\/strong><br>P\u0159i \u010di\u0161t\u011bn\u00ed kovov\u00e9ho n\u00e1bytku n\u00e1m tak\u00e9 posta\u010d\u00ed pouze had\u0159\u00edk , \u010di <a href=\"https:\/\/www.potreby.info\/uklid\/houbi%C4%8Dka-na-n%C3%A1dob%C3%AD\/\">houbi\u010dka<\/a> a vla\u017en\u00e1 voda, do&nbsp;kter\u00e9&nbsp;m\u016f\u017eeme pro snadn\u011bj\u0161\u00ed \u010di\u0161t\u011bn\u00ed p\u0159idat n\u00e1\u0161 obl\u00edben\u00fd <a href=\"https:\/\/www.potreby.info\/uklid\/univerz%C3%A1ln%C3%AD-%C4%8Disti%C4%8D-povrch%C5%AF\/\">univerz\u00e1ln\u00ed \u010disti\u010d povrch\u016f<\/a>.<\/p>\n\n\n\n<p><strong>Zazimov\u00e1n\u00ed<\/strong><br>V\u00fdhodou kvalitn\u00edho <a href=\"https:\/\/www.potreby.info\/dum-a-bydleni\/kovov%C3%BD-zahradn%C3%AD-n%C3%A1bytek\/\">kovov\u00e9ho n\u00e1bytku<\/a> je, \u017ee <strong>m\u016f\u017ee b\u00fdt venku po cel\u00fd rok<\/strong>. Kdy\u017e ho ale p\u0159es zimu nevyu\u017e\u00edv\u00e1me, je dobr\u00e9 ho p\u0159ikr\u00fdt <a href=\"https:\/\/www.potreby.info\/dum-a-bydleni\/obal-na-zahradn%C3%AD-n%C3%A1bytek\/\">ochrann\u00fdm obalem<\/a>, <a href=\"https:\/\/www.potreby.info\/dum-a-bydleni\/plachta-na-zakryt%C3%AD\/\">plachtou<\/a>, nebo pokud m\u00e1me tu mo\u017enost, uklid\u00edme jej pod st\u0159echu.<\/p>\n\n\n\n<figure class=\"wp-block-image size-large is-resized\"><a href=\"https:\/\/www.potreby.info\/dum-a-bydleni\/d%C5%99ev%C4%9Bn%C3%BD-zahradn%C3%AD-n%C3%A1bytek\/\"><img loading=\"lazy\" decoding=\"async\" src=\"https:\/\/www.potreby.info\/dum-a-bydleni\/blog\/wp-content\/uploads\/2020\/10\/zahradni-posezeni-drevena-lavicka-1-1024x533.jpg\" alt=\"d\u0159ev\u011bn\u00e1 zahradn\u00ed lavi\u010dka\" class=\"wp-image-432\" width=\"847\" height=\"440\"\/><\/a><figcaption>D\u0159ev\u011bn\u00fd n\u00e1bytek<\/figcaption><\/figure>\n\n\n\n<h2 class=\"wp-block-heading\">D\u0158EV\u011aN\u00dd N\u00c1BYTEK<\/h2>\n\n\n\n<p><strong>Ochrana<\/strong><br>K ochran\u011b <strong><a href=\"https:\/\/www.potreby.info\/dum-a-bydleni\/d%C5%99ev%C4%9Bn%C3%BD-zahradn%C3%AD-n%C3%A1bytek\/\">d\u0159ev\u011bn\u00e9ho zahradn\u00edho n\u00e1bytku<\/a><\/strong> p\u0159isp\u00edv\u00e1 pravideln\u00e9 <strong>obnovov\u00e1n\u00ed povrchov\u00e9 impregnace nebo n\u00e1t\u011bru<\/strong>, podle toho jak byl od v\u00fdrobce o\u0161et\u0159en. Pokud v\u017edy na za\u010d\u00e1tku, nebo konci sez\u00f3ny povrchov\u00e9 o\u0161et\u0159en\u00ed provedeme, nemus\u00edme se o d\u0159ev\u011bn\u00fd n\u00e1bytek ob\u00e1vat.<\/p>\n\n\n\n<p><strong>\u010ci\u0161t\u011bn\u00ed<\/strong><br>Stejn\u011b jako v\u00a0p\u0159edchoz\u00edch p\u0159\u00edpadech n\u00e1m i u d\u0159ev\u011bn\u00e9ho n\u00e1bytku posta\u010d\u00ed <a href=\"https:\/\/www.potreby.info\/uklid\/kbel%C3%ADk\/\">kbel\u00edk<\/a> s\u00a0vla\u017enou vodou, do\u00a0kter\u00e9 m\u016f\u017eeme p\u0159idat <a href=\"https:\/\/www.potreby.info\/uklid\/univerz%C3%A1ln%C3%AD-%C4%8Disti%C4%8D-povrch%C5%AF\/\">univerz\u00e1ln\u00ed \u010disti\u010d<\/a> a k\u00a0odstran\u011bn\u00ed ne\u010distot pou\u017eijeme had\u0159\u00edk nebo <a href=\"https:\/\/www.potreby.info\/uklid\/houbi%C4%8Dka-na-n%C3%A1dob%C3%AD\/\">houbi\u010dku na n\u00e1dob\u00ed<\/a>.<\/p>\n\n\n\n<p><strong>Zazimov\u00e1n\u00ed<\/strong><br><a href=\"https:\/\/www.potreby.info\/dum-a-bydleni\/d%C5%99ev%C4%9Bn%C3%BD-zahradn%C3%AD-n%C3%A1bytek\/\"><strong>D\u0159ev\u011bn\u00fd n\u00e1bytek<\/strong><\/a> je v\u017edy lep\u0161\u00ed na zimu <strong>ukl\u00edzet do sucha<\/strong>. D\u0159evo toti\u017e v&nbsp;z\u00e1vislosti na okoln\u00ed vlhkosti neust\u00e1le pracuje a tak i kdy\u017e je kvalitn\u011b o\u0161et\u0159eno, tak pokud to nen\u00ed nutn\u00e9, venku jej nenech\u00e1v\u00e1me, mohly by se na n\u011bm objevit praskliny.<\/p>\n\n\n\n<h2 class=\"wp-block-heading\">TEXTIL NA ZAHRAD\u011a<\/h2>\n\n\n\n<p><strong>Ochrana<\/strong><br>K ochran\u011b textiln\u00edch materi\u00e1l\u016f, kter\u00e9 jsou vystaveny de\u0161ti, doporu\u010dujeme pou\u017e\u00edt univerz\u00e1ln\u00ed <a href=\"https:\/\/www.potreby.info\/uklid\/impregnace-na-textil\/\">impregna\u010dn\u00ed sprej na text\u00edlie<\/a>. Ten na povrchu vytvo\u0159\u00ed tenkou ochrannou vrstvu a p\u0159isp\u011bje tak k&nbsp;v\u011bt\u0161\u00ed vodoodpudivosti, rychlej\u0161\u00edmu schnut\u00ed a m\u016f\u017ee i \u010d\u00e1ste\u010dn\u011b zabr\u00e1nit usazov\u00e1n\u00ed ne\u010distot a usnadnit tak&nbsp;\u010di\u0161t\u011bn\u00ed.<\/p>\n\n\n\n<p><strong>\u010ci\u0161t\u011bn\u00ed<\/strong><br>P\u0159i \u010di\u0161t\u011bn\u00ed textiln\u00edch \u010d\u00e1st\u00ed zahradn\u00edho n\u00e1bytku, tedy <a href=\"https:\/\/www.potreby.info\/dum-a-bydleni\/polstrov%C3%A1n%C3%AD\/\">polstrov\u00e1n\u00ed<\/a> a <a href=\"https:\/\/www.potreby.info\/dum-a-bydleni\/pol%C5%A1t%C3%A1%C5%99\/\">pol\u0161t\u00e1\u0159\u016f<\/a>, postupujeme podle materi\u00e1lu, ze kter\u00e9ho jsou u\u0161ity. V\u00fdhodn\u00e9 jsou pol\u0161t\u00e1\u0159e a polstrov\u00e1n\u00ed, kter\u00e9 maj\u00ed sn\u00edmateln\u00e9 povlaky, velmi tak usnadn\u00ed pr\u00e1ci.<\/p>\n\n\n\n<p>Bavln\u011bn\u00e9 m\u016f\u017eeme pr\u00e1t p\u0159\u00edmo v&nbsp;pra\u010dce v b\u011b\u017en\u00e9m <a href=\"https:\/\/www.potreby.info\/uklid\/prac%C3%AD-prost%C5%99edek\/\">prac\u00edm prost\u0159edku<\/a> na doporu\u010denou teplotu, kterou v\u011bt\u0161inou nalezneme na \u0161t\u00edtku v&nbsp;rubu povlaku.<br>Pokud m\u00e1me men\u0161\u00ed pol\u0161t\u00e1\u0159e, \u010di podsed\u00e1ky, kter\u00e9 nemaj\u00ed sn\u00edmateln\u00fd bavln\u011bn\u00fd povlak a vejdou se n\u00e1m do pra\u010dky, m\u016f\u017eeme je bez obav takto vyprat. <br>Kdy\u017e nen\u00ed vnit\u0159n\u00ed vycp\u00e1vka z&nbsp;jednoho molitanov\u00e9ho kusu, ale z&nbsp;drti nebo dut\u00e9ho vl\u00e1kna, je nutn\u00e9 v&nbsp;pr\u016fb\u011bhu voln\u00e9ho su\u0161en\u00ed tuto n\u00e1pl\u0148 prot\u0159ep\u00e1vat, aby&nbsp;dokonale proschla v&nbsp;cel\u00e9m objemu. V&nbsp;tomto p\u0159\u00edpad\u011b se nemus\u00edme b\u00e1t vyu\u017e\u00edt ani su\u0161i\u010dku, pokud ji&nbsp;vlastn\u00edme. Su\u0161i\u010dka dokonce n\u00e1pl\u0148 na\u010dechr\u00e1 a sesezen\u00fd <a href=\"https:\/\/www.potreby.info\/dum-a-bydleni\/podsed%C3%A1k\/\">podsed\u00e1k<\/a> bude jako nov\u00fd.<\/p>\n\n\n\n<p>Povlaky s&nbsp;vodoodpudivou a rychleschnouc\u00ed \u00fapravou rad\u011bji v&nbsp;pra\u010dce nepereme, tato vlastnosti by toti\u017e povlak velmi rychle ztratil. Vypereme je proto, kdy\u017e je to nutn\u00e9, ru\u010dn\u011b s&nbsp;pou\u017eit\u00edm \u0161etrn\u00e9ho <a href=\"https:\/\/www.potreby.info\/uklid\/j%C3%A1drov%C3%A9-m%C3%BDdlo\/\">j\u00e1drov\u00e9ho m\u00fddla<\/a> nebo speci\u00e1ln\u00edho <a href=\"https:\/\/www.potreby.info\/uklid\/prac%C3%ADho-prost%C5%99edku-na-funk%C4%8Dn%C3%AD-oble%C4%8Den%C3%AD\/\">prac\u00edho prost\u0159edku na funk\u010dn\u00ed oble\u010den\u00ed<\/a>, kter\u00e9 tolik nepo\u0161kozuj\u00ed ochrannou vrstvu. Na pomoc si m\u016f\u017eeme vz\u00edt i jemn\u00fd <a href=\"https:\/\/www.potreby.info\/uklid\/kart%C3%A1%C4%8Dek\/\">kart\u00e1\u010dek<\/a>, kter\u00fd n\u00e1m pom\u016f\u017ee jednodu\u0161e odstranit siln\u011bj\u0161\u00ed zne\u010di\u0161t\u011bn\u00ed. Vypran\u00e9 povlaky, nebo cel\u00e9 <a href=\"https:\/\/www.potreby.info\/dum-a-bydleni\/polstrov%C3%A1n%C3%AD\/\">polstrov\u00e1n\u00ed<\/a> nech\u00e1me voln\u011b uschnout. Je dobr\u00e9 po ka\u017ed\u00e9m pran\u00ed je\u0161t\u011b pou\u017e\u00edt <a href=\"https:\/\/www.potreby.info\/uklid\/impregnace-na-textil\/\">impregna\u010dn\u00ed sprej<\/a>, kter\u00fd obnovuje vodoodpudiv\u00e9 vlastnosti materi\u00e1lu. Ka\u017ed\u00e9 pran\u00ed, i&nbsp;to ru\u010dn\u00ed, ochrannou vrstvu toti\u017e po\u0161kozuje.<\/p>\n\n\n\n<p><a href=\"https:\/\/www.potreby.info\/dum-a-bydleni\/houpac%C3%AD-s%C3%AD%C5%A5\/\">Houpac\u00ed s\u00edt\u011b<\/a> a k\u0159esla pereme podle n\u00e1vodu od v\u00fdrobce. Ve v\u011bt\u0161in\u011b p\u0159\u00edpad\u016f je m\u016f\u017eeme pr\u00e1t v&nbsp;pra\u010dce s&nbsp;pou\u017eit\u00edm <a href=\"https:\/\/www.potreby.info\/uklid\/prac%C3%AD-prost%C5%99edek\/\">prac\u00edho prost\u0159edku<\/a>, kter\u00fd b\u011b\u017en\u011b pou\u017e\u00edv\u00e1me.<\/p>\n\n\n\n<p><strong>Zazimov\u00e1n\u00ed<\/strong><br>I <a href=\"https:\/\/www.potreby.info\/dum-a-bydleni\/pol%C5%A1t%C3%A1%C5%99\/\">pol\u0161t\u00e1\u0159e<\/a>, <a href=\"https:\/\/www.potreby.info\/dum-a-bydleni\/polstrov%C3%A1n%C3%AD\/\">polstrov\u00e1n\u00ed<\/a>, <a href=\"https:\/\/www.potreby.info\/dum-a-bydleni\/st%C5%99%C3%AD%C5%A1ka\/\">st\u0159\u00ed\u0161ka<\/a> zahradn\u00ed houpa\u010dky, <a href=\"https:\/\/www.potreby.info\/dum-a-bydleni\/deka\/\">deky<\/a> a <a href=\"https:\/\/www.potreby.info\/dum-a-bydleni\/houpac%C3%AD-s%C3%AD%C5%A5\/\">houpac\u00ed s\u00edt\u011b<\/a> na zimu nezapomeneme schovat do sucha. Hroz\u00ed&nbsp;toti\u017e napaden\u00ed pl\u00edsn\u00ed a z&nbsp;toho vypl\u00fdvaj\u00edc\u00ed nevzhledn\u00e9 skvrny, kter\u00e9 lze odstranit jen velmi t\u011b\u017eko.<br>Mysl\u00edme nejen na st\u0159\u00ed\u0161ku <a href=\"https:\/\/www.potreby.info\/dum-a-bydleni\/zahradn%C3%AD-houpa%C4%8Dka\/\">zahradn\u00ed houpa\u010dky<\/a>, kterou odepneme z konstrukce, vy\u010dist\u00edme a uschov\u00e1me, ale tak\u00e9 na <a href=\"https:\/\/www.potreby.info\/dum-a-bydleni\/slune%C4%8Dn%C3%ADk\/\">slune\u010dn\u00edk<\/a> nebo <a href=\"https:\/\/www.potreby.info\/dum-a-bydleni\/mark%C3%BDza\/\">mark\u00fdzu<\/a>.<br><br><\/p>\n\n\n\n<p>Spr\u00e1vn\u011b o\u0161et\u0159ovan\u00fd, \u010di\u0161t\u011bn\u00fd a zazimov\u00e1van\u00fd <a href=\"https:\/\/www.potreby.info\/dum-a-bydleni\/zahradn%C3%AD-n%C3%A1bytek\/\">zahradn\u00ed n\u00e1bytek<\/a> se n\u00e1m v\u0161em odvd\u011b\u010d\u00ed kr\u00e1sn\u00fdm vzhledem a&nbsp;velmi dlouhou \u017eivotnost\u00ed oproti tomu, kter\u00e9ho nech\u00e1te napospas \u017eivl\u016fm.<br>Jist\u011b s n\u00e1mi budete souhlasit, \u017ee to za tu tro\u0161ku pr\u00e1ce nav\u00edc stoj\u00ed.<\/p>\n","protected":false},"excerpt":{"rendered":"<p>Pokud chceme, aby n\u00e1\u0161 zahradn\u00ed n\u00e1bytek neztratil nic ze sv\u00e9 kr\u00e1sy a slou\u017eil n\u00e1m co nejd\u00e9le, mus\u00edme se o n\u011bj samoz\u0159ejm\u011b dob\u0159e starat.Jak jsme se mohli do\u010d\u00edst v&nbsp;\u010dl\u00e1nku Co je t\u0159eba zv\u00e1\u017eit p\u0159ed v\u00fdb\u011brem venkovn\u00edho posezen\u00ed, materi\u00e1ly pou\u017e\u00edvan\u00e9 na v\u00fdrobu zahradn\u00edho n\u00e1bytku maj\u00ed r\u016fzn\u00e9 pozitivn\u00ed i negativn\u00ed vlastnosti a podle nich jsou tak\u00e9 r\u016fzn\u011b n\u00e1ro\u010dn\u00e9 [&hellip;]<\/p>\n","protected":false},"author":2,"featured_media":0,"comment_status":"closed","ping_status":"","sticky":false,"template":"","format":"standard","meta":{"footnotes":""},"categories":[4,7],"tags":[],"class_list":["post-452","post","type-post","status-publish","format-standard","hentry","category-na-zahradu-balkon-ci-terasu","category-odpocinek-na-cerstvem-vzduchu"],"_links":{"self":[{"href":"https:\/\/www.potreby.info\/dum-a-bydleni\/blog\/wp-json\/wp\/v2\/posts\/452","targetHints":{"allow":["GET"]}}],"collection":[{"href":"https:\/\/www.potreby.info\/dum-a-bydleni\/blog\/wp-json\/wp\/v2\/posts"}],"about":[{"href":"https:\/\/www.potreby.info\/dum-a-bydleni\/blog\/wp-json\/wp\/v2\/types\/post"}],"author":[{"embeddable":true,"href":"https:\/\/www.potreby.info\/dum-a-bydleni\/blog\/wp-json\/wp\/v2\/users\/2"}],"replies":[{"embeddable":true,"href":"https:\/\/www.potreby.info\/dum-a-bydleni\/blog\/wp-json\/wp\/v2\/comments?post=452"}],"version-history":[{"count":29,"href":"https:\/\/www.potreby.info\/dum-a-bydleni\/blog\/wp-json\/wp\/v2\/posts\/452\/revisions"}],"predecessor-version":[{"id":602,"href":"https:\/\/www.potreby.info\/dum-a-bydleni\/blog\/wp-json\/wp\/v2\/posts\/452\/revisions\/602"}],"wp:attachment":[{"href":"https:\/\/www.potreby.info\/dum-a-bydleni\/blog\/wp-json\/wp\/v2\/media?parent=452"}],"wp:term":[{"taxonomy":"category","embeddable":true,"href":"https:\/\/www.potreby.info\/dum-a-bydleni\/blog\/wp-json\/wp\/v2\/categories?post=452"},{"taxonomy":"post_tag","embeddable":true,"href":"https:\/\/www.potreby.info\/dum-a-bydleni\/blog\/wp-json\/wp\/v2\/tags?post=452"}],"curies":[{"name":"wp","href":"https:\/\/api.w.org\/{rel}","templated":true}]}}