{"id":449,"date":"2020-10-23T10:54:55","date_gmt":"2020-10-23T08:54:55","guid":{"rendered":"https:\/\/www.potreby.info\/dum-a-bydleni\/blog\/?p=449"},"modified":"2020-10-25T18:42:01","modified_gmt":"2020-10-25T17:42:01","slug":"venkovni-lenoseni","status":"publish","type":"post","link":"https:\/\/www.potreby.info\/dum-a-bydleni\/blog\/venkovni-lenoseni\/","title":{"rendered":"Venkovn\u00ed leno\u0161en\u00ed"},"content":{"rendered":"\n<p>I kdy\u017e dne\u0161n\u00ed doba tomu bohu\u017eel p\u0159\u00edli\u0161 nep\u0159eje, je dostate\u010dn\u00fd <a href=\"https:\/\/www.potreby.info\/dum-a-bydleni\/odpo%C4%8Dinek\/\">odpo\u010dinek<\/a> jedn\u00edm z&nbsp;hlavn\u00edch pil\u00ed\u0159\u016f <a href=\"https:\/\/www.potreby.info\/knihy\/zdrav%C3%BD-%C5%BEivotn%C3%AD-styl\/\">zdrav\u00e9ho \u017eivotn\u00edho stylu<\/a>. Mus\u00edme mu tedy v\u011bnovat n\u00e1le\u017eitou pozornost a v&nbsp;tomto ohledu na sebe nezapom\u00ednat. Brzy by se n\u00e1m to mohlo nep\u011bkn\u011b vymst\u00edt, a\u0165 u\u017e v&nbsp;podob\u011b zdravotn\u00edch nebo&nbsp;psychick\u00fdch probl\u00e9m\u016f. A to samoz\u0159ejm\u011b nechceme.<br>Jist\u011b m\u016f\u017eeme odpo\u010d\u00edvat aktivn\u011b p\u0159i obl\u00edben\u00e9m <a href=\"https:\/\/www.potreby.info\/dum-a-bydleni\/sport\/\">sportu<\/a>. Ale nezapome\u0148me ani na chvilku prav\u00e9ho leno\u0161en\u00ed v&nbsp;pohodln\u00e9m <a href=\"https:\/\/www.potreby.info\/dum-a-bydleni\/k%C5%99eslo\/\">k\u0159esle<\/a> u baz\u00e9nu, na <a href=\"https:\/\/www.potreby.info\/dum-a-bydleni\/zahradn%C3%AD-houpa%C4%8Dka\/\">houpa\u010dce<\/a> v&nbsp;zahrad\u011b nebo v&nbsp;zav\u011b\u0161en\u00e9 <a href=\"https:\/\/www.potreby.info\/dum-a-bydleni\/houpac%C3%AD-s%C3%AD%C5%A5\/\">s\u00edti<\/a> pod <a href=\"https:\/\/www.potreby.info\/dum-a-bydleni\/pergola\/\">pergolou<\/a>. Takov\u00e1 chvilka a\u0165 u\u017e spole\u010dn\u00e9ho odpo\u010dinku s&nbsp;rodinou nebo o samot\u011b, hraje opravdu velkou roli.<\/p>\n\n\n\n<!--more-->\n\n\n\n<figure class=\"wp-block-image size-large is-resized\"><a href=\"https:\/\/www.potreby.info\/dum-a-bydleni\/venkovn%C3%AD-n%C3%A1bytek\/\"><img loading=\"lazy\" decoding=\"async\" src=\"https:\/\/www.potreby.info\/dum-a-bydleni\/blog\/wp-content\/uploads\/2020\/10\/zahradni-lavicka-drevena-1024x533.jpg\" alt=\"zahradn\u00ed lavi\u010dka\" class=\"wp-image-77\" width=\"837\" height=\"435\"\/><\/a><figcaption>Odpo\u010dinek na \u010derstv\u00e9m vzduchu<\/figcaption><\/figure>\n\n\n\n<p>P\u0159i za\u0159izov\u00e1n\u00ed na\u0161eho odpo\u010d\u00edvac\u00edho koutku je d\u016fle\u017eit\u00e9 vych\u00e1zet ze stylu zahrady, na\u0161eho vkusu, financ\u00ed, dispozic prostoru, \u00fa\u010delu, um\u00edst\u011bn\u00ed a nutn\u00e9 \u00fadr\u017eb\u011b. Se v\u0161emi t\u011bmito skute\u010dnosti \u00fazce souvis\u00ed volba materi\u00e1lu. Bl\u00ed\u017ee se s&nbsp;t\u00edmto m\u016f\u017eete sezn\u00e1mit v \u010dl\u00e1nku na na\u0161em blogu <a href=\"https:\/\/www.potreby.info\/dum-a-bydleni\/blog\/co-je-treba-zvazit-pred-vyberem-venkovniho-posezeni\/\">Co je t\u0159eba zv\u00e1\u017eit p\u0159ed&nbsp;v\u00fdb\u011brem venkovn\u00edho posezen\u00ed<\/a>.<\/p>\n\n\n\n<p>Na za\u010d\u00e1tku pl\u00e1nov\u00e1n\u00ed je dobr\u00e9 myslet i na p\u0159\u00edpadn\u00e9 <strong>zast\u0159e\u0161en\u00ed<\/strong> nebo alespo\u0148 <strong>zast\u00edn\u011bn\u00ed<\/strong> prostoru ur\u010den\u00e9ho k&nbsp;<a href=\"https:\/\/www.potreby.info\/dum-a-bydleni\/posezen%C3%AD\/\">posezen\u00ed<\/a>. Abychom zde mohli tr\u00e1vit i chv\u00edle v&nbsp;nejv\u011bt\u0161\u00edch letn\u00edch vedrech.<br>K&nbsp;tomu n\u00e1m poslou\u017e\u00ed nejr\u016fzn\u011bj\u0161\u00ed <a href=\"https:\/\/www.potreby.info\/dum-a-bydleni\/pergola\/\">pergoly<\/a>, kter\u00e9 mohou b\u00fdt se st\u0159echou nebo t\u0159eba porostl\u00e9 n\u011bjakou pop\u00ednavou rostlinou. Velmi obl\u00edben\u00e9 jsou klasick\u00e9 <a href=\"https:\/\/www.potreby.info\/dum-a-bydleni\/pergola-d%C5%99ev%C4%9Bn%C3%A1\/\">d\u0159ev\u011bn\u00e9 pergoly<\/a>, ale st\u00e1le v\u011bt\u0161\u00ed popularitu z\u00edsk\u00e1vaj\u00ed <a href=\"https:\/\/www.potreby.info\/dum-a-bydleni\/hlin%C3%ADkov%C3%A1-pergola\/\">pergoly hlin\u00edkov\u00e9<\/a>. Neb\u00fdvaj\u00ed samostatn\u011b stoj\u00edc\u00ed, ale p\u0159ipev\u0148uj\u00ed se ke st\u011bn\u011b domu, vytvo\u0159\u00ed tak vlastn\u011b takovou zast\u0159e\u0161enou terasu.<\/p>\n\n\n\n<p>Pokud posezen\u00ed p\u0159il\u00e9h\u00e1 ke st\u011bn\u011b n\u011bjak\u00e9 budovy, m\u016f\u017eeme po\u0159\u00eddit i <a href=\"https:\/\/www.potreby.info\/dum-a-bydleni\/mark%C3%BDza\/\">mark\u00fdzu<\/a>. Ty se vyr\u00e1b\u00ed v&nbsp;cel\u00e9 \u0159ad\u011b rozm\u011br\u016f a barevn\u00e1ch proveden\u00ed a jejich nejv\u011bt\u0161\u00ed v\u00fdhodou je mo\u017enost jejich srolov\u00e1n\u00ed, kdy\u017e st\u00edn nen\u00ed v\u00edtan\u00fd. Sta\u010d\u00ed tedy zvolit jen vhodn\u00fd rozm\u011br a barvu.<\/p>\n\n\n\n<p>Nejlevn\u011bj\u0161\u00edm a co do po\u0159\u00edzen\u00ed i nejrychlej\u0161\u00edm zp\u016fsobem zast\u00edn\u011bn\u00ed je <a href=\"https:\/\/www.potreby.info\/dum-a-bydleni\/slune%C4%8Dn%C3%ADk\/\">slune\u010dn\u00edk<\/a>. Je k&nbsp;dost\u00e1n\u00ed v&nbsp;mnoha velikostech a barv\u00e1ch, sta\u010d\u00ed jen zvolit vybrat. R\u00e1di v\u00e1m s&nbsp;t\u00edm pom\u016f\u017eeme v&nbsp;\u010dl\u00e1nku <a href=\"https:\/\/www.potreby.info\/dum-a-bydleni\/blog\/jak-vybrat-nejvhodnejsi-slunecnik\/\">Jak vybrat nejvhodn\u011bj\u0161\u00ed slune\u010dn\u00edk<\/a>. A v&nbsp;\u010dl\u00e1nku <a href=\"https:\/\/www.potreby.info\/dum-a-bydleni\/blog\/co-je-geotextilie-a-jake-ma-vlastnosti\/\">\u010ci\u0161t\u011bn\u00ed a \u00fadr\u017eba slune\u010dn\u00edku<\/a> se dozv\u00edte jak se nejl\u00e9pe o slune\u010dn\u00edk starat.<\/p>\n\n\n\n<h2 class=\"wp-block-heading\">V \u010dem si m\u016f\u017eeme odpo\u010dinout?<\/h2>\n\n\n\n<p>Na zahrad\u011b m\u016f\u017eeme k&nbsp;odpo\u010dinku vyu\u017e\u00edt celou \u0159adu nejr\u016fzn\u011bj\u0161\u00edho <strong><a href=\"https:\/\/www.potreby.info\/dum-a-bydleni\/zahradn%C3%AD-n%C3%A1bytek\/\">zahradn\u00edho n\u00e1bytku<\/a>.<\/strong> Zcela to z\u00e1le\u017e\u00ed na po\u017eadavc\u00edch ka\u017ed\u00e9ho z&nbsp;n\u00e1s. Je mo\u017en\u00e9 se dr\u017eet klasick\u00e9ho vzhledu obl\u00edben\u00e9ho po generace nebo se inspirovat trendy posledn\u00ed doby. Pro n\u011bkoho m\u016f\u017ee b\u00fdt zlatou a origin\u00e1ln\u00ed st\u0159edn\u00ed cestou kombinace oboj\u00edho. Meze v&nbsp;tomto p\u0159\u00edpad\u011b opravdu neexistuj\u00ed a ka\u017ed\u00fd m\u00e1me zcela volnou ruku. Na prvn\u00edm m\u00edst\u011b by v\u0161ak v\u017edy m\u011blo b\u00edt na\u0161e <strong>pohodl\u00ed<\/strong>.<br>Nab\u00edz\u00edme v\u00e1m malou inspiraci, kter\u00e1 v\u00e1m, jak douf\u00e1me, usnadn\u00ed cestu k&nbsp;nov\u011b za\u0159\u00edzen\u00e9mu zahradn\u00edmu posezen\u00ed.<\/p>\n\n\n\n<p><strong>SETY ZAHRADN\u00cdHO N\u00c1BYTKU<\/strong><br>Prakticky bezstarostn\u00fdm za\u0159\u00edzen\u00edm odpo\u010dinkov\u00e9ho koutku je po\u0159\u00edzen\u00ed <strong>setu <a href=\"https:\/\/www.potreby.info\/dum-a-bydleni\/zahradn%C3%AD-n%C3%A1bytek\/\">zahradn\u00edho n\u00e1bytku<\/a><\/strong>. V\u0161e&nbsp;bude ji\u017e dokonale slad\u011bn\u00e9 a odpadne tak doba hled\u00e1n\u00ed r\u016fzn\u00fdch kousk\u016f, kter\u00e9 se budou k&nbsp;sob\u011b&nbsp;hodit.<br>M\u016f\u017eeme vyb\u00edrat z&nbsp;<strong><a href=\"https:\/\/www.potreby.info\/dum-a-bydleni\/zahradn%C3%AD-n%C3%A1bytek\/\">plastov\u00fdch zahradn\u00edch set\u016f<\/a><\/strong>, kter\u00e9 jsou velmi lehk\u00e9 a nen\u00e1ro\u010dn\u00e9 na \u00fadr\u017ebu. Pat\u0159\u00ed&nbsp;k&nbsp;nim i v&nbsp;posledn\u00ed dob\u011b velmi obl\u00edben\u00e9 <strong><a href=\"https:\/\/www.potreby.info\/dum-a-bydleni\/polyratanov%C3%BD-n%C3%A1bytek\/\">polyratanov\u00fd n\u00e1bytek<\/a><\/strong>.<br><strong>Sety <a href=\"https:\/\/www.potreby.info\/dum-a-bydleni\/d%C5%99ev%C4%9Bn%C3%BD-n%C3%A1bytek\/\">d\u0159ev\u011bn\u00e9ho n\u00e1bytku<\/a><\/strong> kr\u00e1sn\u011b dopln\u00ed prakticky ka\u017edou zahradu, sice je tento materi\u00e1l n\u00e1ro\u010dn\u011bj\u0161\u00ed na&nbsp;\u00fadr\u017ebu, ale ur\u010dit\u011b to za tu pr\u00e1ci stoj\u00ed. Kdy\u017e dob\u0159e vyberete, z\u00edsk\u00e1te v&nbsp;n\u011bm kousky, kter\u00e9 budete moci vyu\u017e\u00edvat dlouh\u00e1 desetilet\u00ed.<br>I <strong>sety <a href=\"https:\/\/www.potreby.info\/dum-a-bydleni\/kovov%C3%BD-zahradn%C3%AD-n%C3%A1bytek\/\">kovov\u00e9ho zahradn\u00edho<\/a><\/strong> n\u00e1bytku maj\u00ed svoje v\u00fdhody, jde zejm\u00e9na o pevnost a u t\u011bch dob\u0159e povrchov\u011b o\u0161et\u0159en\u00fdch i velmi dobrou odolnost.&nbsp;<\/p>\n\n\n\n<figure class=\"wp-block-image size-large is-resized\"><a href=\"https:\/\/www.potreby.info\/dum-a-bydleni\/zahradn%C3%AD-st%C5%AFl\/\"><img loading=\"lazy\" decoding=\"async\" src=\"https:\/\/www.potreby.info\/dum-a-bydleni\/blog\/wp-content\/uploads\/2020\/10\/zahradni-stoly-a-lavice-1024x533.jpg\" alt=\"st\u016fl na zahradu\" class=\"wp-image-83\" width=\"878\" height=\"456\"\/><\/a><figcaption>Zahradn\u00ed st\u016fl<\/figcaption><\/figure>\n\n\n\n<p><strong>SAMOSTATN\u00c9 \u017dIDLE A STOLY<\/strong><br>Pro ty co miluj\u00ed kombinov\u00e1n\u00ed r\u016fzn\u00fdch prvk\u016f je jasnou mo\u017enost\u00ed koup\u011b jednotliv\u00fdch <strong><a href=\"https:\/\/www.potreby.info\/dum-a-bydleni\/%C5%BEidle\/\">\u017eidl\u00ed<\/a><\/strong> a <strong><a href=\"https:\/\/www.potreby.info\/dum-a-bydleni\/st%C5%AFl\/\">stol\u016f<\/a><\/strong>. M\u016f\u017eou tak vzniknou zaj\u00edmav\u00e9 a zcela origin\u00e1ln\u00ed kombinace, kter\u00e9 bude obdivovat ka\u017ed\u00e1 n\u00e1v\u0161t\u011bva. Je to sice \u010dasov\u011b n\u00e1ro\u010dn\u011bj\u0161\u00ed z\u00e1le\u017eitost, ale pokud se pro ni rozhodnete, v\u011b\u0159te, \u017ee obn\u00e1\u0161\u00ed spoustu z\u00e1bavy. A&nbsp;nakonec t\u0159eba objev\u00edte n\u011bjak\u00fd poklad, v&nbsp;podob\u011b zcela origin\u00e1ln\u00edho kousku.<br>Nebojte se kombinovat materi\u00e1ly. Nap\u0159\u00edklad vhodn\u011b zvolen\u00e9 <strong><a href=\"https:\/\/www.potreby.info\/dum-a-bydleni\/kovov%C3%A1-zahradn%C3%AD-%C5%BEidle\/\">kovov\u00e9 \u017eidle<\/a><\/strong> a <strong><a href=\"https:\/\/www.potreby.info\/dum-a-bydleni\/d%C5%99ev%C4%9Bn%C3%A1-%C5%BEidle\/\">\u017eidle ze d\u0159eva<\/a><\/strong> se budou kr\u00e1sn\u011b dopl\u0148ovat, kdy\u017e k&nbsp;nim zvol\u00edte <a href=\"https:\/\/www.potreby.info\/dum-a-bydleni\/zahradn%C3%AD-st%C5%AFl\/\"><strong>st\u016fl<\/strong><\/a>, kter\u00fd v&nbsp;sob\u011b kombinuje oba tyto materi\u00e1ly.<br>Pro \u00fasporu prostoru, zejm\u00e9na p\u0159i zazimov\u00e1n\u00ed doporu\u010dujeme po\u0159\u00edzen\u00ed <strong><a href=\"https:\/\/www.potreby.info\/dum-a-bydleni\/skl%C3%A1dac%C3%AD-%C5%BEidle\/\">skl\u00e1dac\u00edch \u017eidl\u00ed<\/a><\/strong> a <a href=\"https:\/\/www.potreby.info\/dum-a-bydleni\/skl%C3%A1dac%C3%AD-st%C5%AFl\/\"><strong>stol\u016f<\/strong><\/a>.<\/p>\n\n\n\n<p><strong>K\u0158ESLA<\/strong><br>V\u016fbec se nemus\u00edte b\u00e1t ani kombinovat <a href=\"https:\/\/www.potreby.info\/dum-a-bydleni\/zahradn%C3%AD-k%C5%99eslo\/\"><strong>zahradn\u00ed k\u0159esla<\/strong><\/a> a <strong><a href=\"https:\/\/www.potreby.info\/dum-a-bydleni\/zahradn%C3%AD-%C5%BEidle\/\">\u017eidle<\/a><\/strong>. Ka\u017ed\u00fd \u010dlen dom\u00e1cnosti, tak bude m\u00edt mo\u017enost vybrat, jak se zrovna chce usadit.<br>Je\u0161t\u011b pohodln\u011bj\u0161\u00ed variantou je <strong><a href=\"https:\/\/www.potreby.info\/dum-a-bydleni\/polohovac%C3%AD-k%C5%99eslo\/\">polohovac\u00ed k\u0159eslo<\/a><\/strong>, kter\u00e9 si lehce p\u0159izp\u016fsob\u00edte podle va\u0161\u00ed pot\u0159eby.<\/p>\n\n\n\n<p><strong>LEH\u00c1TKA<\/strong><br><strong><a href=\"https:\/\/www.potreby.info\/dum-a-bydleni\/zahradn%C3%AD-leh%C3%A1tko\/\">Zahradn\u00ed leh\u00e1tka<\/a><\/strong> dokonale vyu\u017eijete p\u0159i opalov\u00e1n\u00ed, ale tak\u00e9 si na nich m\u016f\u017eete pohodln\u011b zd\u0159\u00edmnout ve&nbsp;st\u00ednu <strong><a href=\"https:\/\/www.potreby.info\/dum-a-bydleni\/slune%C4%8Dn%C3%ADk\/\">slune\u010dn\u00edku<\/a><\/strong>, kdy\u017e je vhodn\u011b dopln\u00edme <a href=\"https:\/\/www.potreby.info\/dum-a-bydleni\/pol%C5%A1t%C3%A1%C5%99\/\">pol\u0161t\u00e1\u0159ky<\/a> a <a href=\"https:\/\/www.potreby.info\/dum-a-bydleni\/polstrov%C3%A1n%C3%AD\/\">polstrov\u00e1n\u00edm<\/a>. Jejich nejv\u011bt\u0161\u00ed p\u0159ednost\u00ed je&nbsp;polohovatelnost a\u0165 u\u017e jsou vyrobeny ze d\u0159eva nebo kovu.<\/p>\n\n\n\n<figure class=\"wp-block-image size-large is-resized\"><a href=\"https:\/\/www.potreby.info\/dum-a-bydleni\/zahradn%C3%AD-houpa%C4%8Dka\/\"><img loading=\"lazy\" decoding=\"async\" src=\"https:\/\/www.potreby.info\/dum-a-bydleni\/blog\/wp-content\/uploads\/2020\/10\/kovova-houpacka-1024x533.jpg\" alt=\"zahradn\u00ed kovov\u00e1 houpa\u010dka\" class=\"wp-image-237\" width=\"779\" height=\"405\"\/><\/a><figcaption>Zahradn\u00ed houpa\u010dka<\/figcaption><\/figure>\n\n\n\n<p><strong>ZAHRADN\u00cd HOUPA\u010cKY<\/strong><br>Obl\u00edbenost <strong><a href=\"https:\/\/www.potreby.info\/dum-a-bydleni\/zahradn%C3%AD-houpa%C4%8Dka\/\">zahradn\u00edch houpa\u010dek<\/a><\/strong> neust\u00e1le stoup\u00e1, a tak kdy\u017e m\u00e1te dostatek prostoru a tou\u017e\u00edte po&nbsp;dokonal\u00e9m pohodl\u00ed spojen\u00e9m s&nbsp;uklid\u0148uj\u00edc\u00edm houp\u00e1n\u00edm, s\u00e1hn\u011bte po jedn\u00e9 z&nbsp;nich. Bl\u00ed\u017ee se t\u00e9matu zahradn\u00edch a dal\u0161\u00edch <a href=\"https:\/\/www.potreby.info\/dum-a-bydleni\/houpa%C4%8Dka\/\">houpa\u010dek<\/a> v\u011bnujeme v&nbsp;\u010dl\u00e1nku <a href=\"https:\/\/www.potreby.info\/dum-a-bydleni\/blog\/co-se-takhle-zhoupnout\/\">Co se takhle zhoupnout?<\/a>, kter\u00fd si m\u016f\u017eete p\u0159e\u010d\u00edst na na\u0161em blogu. Naleznete zde i \u010dl\u00e1nek zab\u00fdvaj\u00edc\u00ed se jejich bezpe\u010dnost\u00ed a \u00fadr\u017ebou &#8211; <a href=\"https:\/\/www.potreby.info\/dum-a-bydleni\/blog\/bezpecnost-a-udrzba-houpacek-vseho-druhu\/\">Bezpe\u010dnost a&nbsp;\u00fadr\u017eba houpa\u010dek v\u0161eho druhu<\/a>.<\/p>\n\n\n\n<p><strong>HOUPAC\u00cd S\u00cdT\u011a<\/strong><br>Prostorov\u011b i finan\u010dn\u011b \u00fasporn\u00e9 jsou <a href=\"https:\/\/www.potreby.info\/dum-a-bydleni\/houpac%C3%AD-s%C3%AD%C5%A5\/\">houpac\u00ed s\u00edt\u011b<\/a>. Kdy\u017e je nevyu\u017e\u00edv\u00e1te, slo\u017e\u00edte je do mal\u00e9ho bal\u00ed\u010dku. Je&nbsp;nutn\u00e9 ale vyzvednout i jejich pohodlnost. M\u016f\u017eete si ji vz\u00edt na <a href=\"https:\/\/www.potreby.info\/dum-a-bydleni\/v%C3%BDlet\/\">v\u00fdlet<\/a> \u010di dovolenou a pomoc\u00ed <a href=\"https:\/\/www.potreby.info\/dum-a-bydleni\/sada-pro-zav%C4%9B%C5%A1en%C3%AD-houpac%C3%AD-s%C3%ADt%C4%9B\/\">sady pro&nbsp;zav\u011b\u0161en\u00ed<\/a> ji jednodu\u0161e zav\u011bs\u00edte mezi dva stromy a m\u00e1te velmi pohodlnou postel. Kr\u00e1sn\u00fdm a&nbsp;praktick\u00fdm dopl\u0148kem je <a href=\"https:\/\/www.potreby.info\/dum-a-bydleni\/houpac%C3%AD-s%C3%AD%C5%A5\/\">s\u00ed\u0165<\/a> i v&nbsp;interi\u00e9ru a to zejm\u00e9na v&nbsp;podob\u011b z\u00e1v\u011bsn\u00e9ho k\u0159esla, kter\u00e9 je prostorov\u011b \u00fasporn\u011bj\u0161\u00ed. \u010casto jsou s\u00edt\u011b vyrobeny z&nbsp;pestrobarevn\u00fdch tkanin a mohou tak zaj\u00edmav\u011b doplnit a o\u017eivit sestavy <strong><a href=\"https:\/\/www.potreby.info\/dum-a-bydleni\/zahradn%C3%AD-n%C3%A1bytek\/\">zahradn\u00edho n\u00e1bytku<\/a><\/strong>. Barvy, kter\u00e9 se na n\u00ed m\u016f\u017eete zopakovat nap\u0159\u00edklad na <a href=\"https:\/\/www.potreby.info\/dum-a-bydleni\/pol%C5%A1t%C3%A1%C5%99\/\">pol\u0161t\u00e1\u0159c\u00edch<\/a> a v\u0161e tak p\u011bkn\u011b sladit.<\/p>\n\n\n\n<figure class=\"wp-block-image size-large is-resized\"><a href=\"https:\/\/www.potreby.info\/dum-a-bydleni\/zahradn%C3%AD-lavi%C4%8Dka\/\"><img loading=\"lazy\" decoding=\"async\" src=\"https:\/\/www.potreby.info\/dum-a-bydleni\/blog\/wp-content\/uploads\/2020\/10\/stara-zahradni-lavicka-1024x533.jpg\" alt=\"d\u0159ev\u011bn\u00e1 lavi\u010dka\" class=\"wp-image-75\" width=\"797\" height=\"414\"\/><\/a><figcaption>Zahradn\u00ed lavi\u010dka<\/figcaption><\/figure>\n\n\n\n<p><strong>LAVI\u010cKY<\/strong><br>Pro m\u00edsta s&nbsp;kr\u00e1sn\u00fdm v\u00fdhledem do krajiny nebo na pest\u0159e rozkvetl\u00fd z\u00e1hon, vyb\u00eddne ka\u017ed\u00e9ho k&nbsp;chvilce posezen\u00ed pohodln\u00e1 <strong><a href=\"https:\/\/www.potreby.info\/dum-a-bydleni\/zahradn%C3%AD-lavi%C4%8Dka\/\">lavi\u010dka<\/a><\/strong>. Tento prvek d\u0159\u00edve nemohl chyb\u011bt na \u017e\u00e1dn\u00e9 zahrad\u011b ani dvorku. Dnes&nbsp;se&nbsp;op\u011bt vrac\u00ed a d\u00edky \u0161irok\u00e9 nab\u00eddce je radost <strong><a href=\"https:\/\/www.potreby.info\/dum-a-bydleni\/zahradn%C3%AD-lavi%C4%8Dka\/\">lavi\u010dku<\/a><\/strong> vyb\u00edrat.<br><a href=\"https:\/\/www.potreby.info\/dum-a-bydleni\/d%C5%99ev%C4%9Bn%C3%A1-lavi%C4%8Dka\/\"><strong>D\u0159ev\u011bn\u00e9 lavi\u010dky<\/strong><\/a> lze po\u0159\u00eddit v klasick\u00e9m&nbsp;minimalistick\u00e9m stylu i ve verz\u00edch zdobn\u011bj\u0161\u00edch.<br>Ke <strong><a href=\"https:\/\/www.potreby.info\/dum-a-bydleni\/kovov%C3%A1-zahradn%C3%AD-lavice\/\">kovov\u00fdm zahradn\u00edm lavic\u00edm<\/a><\/strong> si nezapome\u0148te po\u0159\u00eddit n\u011bjak\u00e9 <a href=\"https:\/\/www.potreby.info\/dum-a-bydleni\/polstrov%C3%A1n%C3%AD\/\">polstrov\u00e1n\u00ed<\/a>.<br>Kombinovan\u00e9 <strong><a href=\"https:\/\/www.potreby.info\/dum-a-bydleni\/lavi%C4%8Dka\/\">lavi\u010dky<\/a><\/strong> s&nbsp;kovov\u00fdmi no\u017ekami a op\u011brkou a sed\u00e1kem ze d\u0159eva se tak\u00e9 vyr\u00e1b\u00ed v&nbsp;r\u016fzn\u00fdch stylech, sta\u010d\u00ed si jen vybrat tu v\u00e1m nejsympati\u010dt\u011bj\u0161\u00ed.<\/p>\n\n\n\n<h2 class=\"wp-block-heading\">Dal\u0161\u00ed vylep\u0161en\u00ed&nbsp;dokonal\u00e9ho odpo\u010dinku<\/h2>\n\n\n\n<p>Aby byl n\u00e1\u0161 odpo\u010dinek na \u010derstv\u00e9m vzduchu co nejpohodln\u011bj\u0161\u00ed, je vhodn\u00e9 po\u0159\u00eddit je\u0161t\u011b n\u011bkolik dopl\u0148k\u016f a dot\u00e1hnout ho tak t\u00e9m\u011b\u0159 k&nbsp;dokonalosti.<\/p>\n\n\n\n<p><strong>POL\u0160T\u00c1\u0158E, POLSTROV\u00c1N\u00cd A DEKY<\/strong><br>Pokud n\u00e1bytek nem\u00e1 \u017e\u00e1dn\u00e9 polstrov\u00e1n\u00ed, nezapome\u0148te si je po\u0159\u00eddit. Po chv\u00edli sezen\u00ed bude ka\u017ed\u00e1 <strong><a href=\"http:\/\/\u017eidle, k\u0159eslo, \u010di lavice, a\u0165 u\u017e je vyrobena z plastu kovu, \u010di d\u0159eva, tvrd\u00e1 a nepohodln\u00e1. Rozm\u011brov\u011b vhodn\u00e9 polstrov\u00e1n\u00ed nebo pol\u0161t\u00e1\u0159 je proto nutnost\u00ed.\">zahradn\u00ed \u017eidle<\/a><\/strong>, <strong><a href=\"https:\/\/www.potreby.info\/dum-a-bydleni\/zahradn%C3%AD-k%C5%99eslo\/\">k\u0159eslo<\/a><\/strong>, \u010di <strong><a href=\"https:\/\/www.potreby.info\/dum-a-bydleni\/zahradn%C3%AD-lavice\/\">lavice<\/a><\/strong>, a\u0165 u\u017e je vyrobena z&nbsp;plastu kovu, \u010di d\u0159eva, tvrd\u00e1 a nepohodln\u00e1. Rozm\u011brov\u011b vhodn\u00e9 <a href=\"https:\/\/www.potreby.info\/dum-a-bydleni\/polstrov%C3%A1n%C3%AD\/\">polstrov\u00e1n\u00ed<\/a> nebo <a href=\"https:\/\/www.potreby.info\/dum-a-bydleni\/pol%C5%A1t%C3%A1%C5%99\/\">pol\u0161t\u00e1\u0159<\/a> je proto nutnost\u00ed.<br>P\u0159i v\u00fdb\u011bru v\u011bnujte pozornost materi\u00e1lu, ze kter\u00e9ho je u\u0161it povlak. Pokud je z&nbsp;vodoodpudiv\u00e9ho rychleschnouc\u00edho materi\u00e1lu, kter\u00fdm b\u00fdv\u00e1 nej\u010dast\u011bji polyester, nebude nutn\u00e9 ho p\u0159i ka\u017ed\u00e9m de\u0161ti schov\u00e1vat. Pokud ale bude z&nbsp;bavln\u011bn\u00e9ho pl\u00e1na mus\u00edme je p\u0159ed pov\u011btrnostn\u00edmi vlivy chr\u00e1nit.<br>V chladn\u011bj\u0161\u00edch letn\u00edch noc\u00edch se v\u00e1m bude jist\u011b hodit i n\u011bjak\u00e1 leh\u010d\u00ed <a href=\"https:\/\/www.potreby.info\/dum-a-bydleni\/deka\/\">deka<\/a>.<\/p>\n\n\n\n<p><strong>\u00daLO\u017dN\u00c9 BOXY<\/strong><br>Pr\u00e1v\u011b <a href=\"https:\/\/www.potreby.info\/dum-a-bydleni\/pol%C5%A1t%C3%A1%C5%99\/\">pol\u0161t\u00e1\u0159e<\/a>, <a href=\"https:\/\/www.potreby.info\/dum-a-bydleni\/polstrov%C3%A1n%C3%AD\/\">polstrov\u00e1n\u00ed<\/a> a <a href=\"https:\/\/www.potreby.info\/dum-a-bydleni\/deka\/\">deky<\/a>, kter\u00e9 nemohou z\u016fstat na de\u0161ti, nejl\u00e9pe uschov\u00e1te p\u0159ed rozmary po\u010das\u00ed \u00faklidem do <a href=\"https:\/\/www.potreby.info\/dum-a-bydleni\/zahradn%C3%AD-%C3%BAlo%C5%BEn%C3%BD-box\/\">zahradn\u00edho \u00falo\u017en\u00e9ho boxu<\/a>.<br>Na trhu jsou boxy plastov\u00e9 i d\u0159ev\u011bn\u00e9 v&nbsp;r\u016fzn\u00fdch rozm\u011brech, do \u017e\u00e1dn\u00e9ho z&nbsp;nich se v\u0161ak nedostane voda, tak\u017ee sv\u016fj obsah dokonale ochr\u00e1n\u00ed. M\u016f\u017eete si do n\u011bj uschovat prakticky cokoliv, co se do n\u011bj vejde, nap\u0159\u00edklad i <a href=\"https:\/\/www.potreby.info\/dum-a-bydleni\/ru%C4%8Dn%C3%ADk\/\">ru\u010dn\u00edky<\/a>, <a href=\"https:\/\/www.potreby.info\/dum-a-bydleni\/sv%C3%AD%C4%8Dka\/\">sv\u00ed\u010dky<\/a>, zmi\u0148ovanou <a href=\"https:\/\/www.potreby.info\/dum-a-bydleni\/houpac%C3%AD-s%C3%AD%C5%A5\/\">houpac\u00ed s\u00ed\u0165<\/a>, <a href=\"https:\/\/www.potreby.info\/dum-a-bydleni\/grilovac%C3%AD-sada\/\">kuf\u0159\u00edk s&nbsp;n\u00e1\u010din\u00edm ke grilu<\/a>,\u2026<\/p>\n\n\n\n<p><strong>OSV\u011aTLEN\u00cd<\/strong><br>Perfektn\u00ed atmosf\u00e9ru pak navod\u00ed vhodn\u011b zvolen\u00e9 <strong><a href=\"http:\/\/osv\u011btlen\u00ed. Pro sv\u011btlo jako ve dne m\u016f\u017eeme instalovat reflektory. Sp\u00ed\u0161e se v\u0161ak bude hodit intimn\u011bj\u0161\u00ed osv\u011btlen\u00ed romanti\u010dt\u011bj\u0161\u00edho r\u00e1zu.  Zahradn\u00ed sol\u00e1rn\u00ed sv\u011btla nebo lucerny nav\u00edc nepot\u0159ebuj\u00ed \u017e\u00e1dn\u00fd zdroj elekt\u0159iny, tak\u017ee je m\u016f\u017eeme instalovat kamkoliv. Nemus\u00edme se b\u00e1t ani sv\u011bteln\u00fdch \u0159et\u011bz\u016f, kter\u00e9 m\u00e1me sp\u00ed\u0161 spojen\u00e9 s V\u00e1nocemi. Pokud b\u00edle sv\u00edt\u00edc\u00ed \u0159et\u011bz p\u0159ipevn\u00edte na pergolu, alt\u00e1nek nebo i na slune\u010dn\u00ed, bu\u010fte si jisti, \u017ee v\u00fdsledek bude kouzeln\u00fd. Nezapom\u00ednejme ani na klasick\u00e9 sv\u00ed\u010dky, kter\u00e9 jsou co do vytv\u00e1\u0159en\u00ed pohodov\u00e9 atmosf\u00e9ry nenahraditeln\u00e9, i kdy\u017e se o to v\u00fdrobci sv\u00ed\u010dek a kal\u00ed\u0161k\u016f na baterii sna\u017e\u00ed. Takov\u00edto kal\u00ed\u0161ek nebo sv\u00ed\u010dka na baterku je pak zcela bezpe\u010dn\u00fd a ocen\u00ed ho tak zejm\u00e9na rodi\u010de mal\u00fdch d\u011bt\u00ed, pro kter\u00e9 takov\u00fdto kal\u00ed\u0161ek nep\u0159edstavuje \u017e\u00e1dn\u00e9 nebezpe\u010d\u00ed.\">zahradn\u00ed osv\u011btlen\u00ed<\/a><\/strong>. Pro sv\u011btlo jako ve dne m\u016f\u017eeme instalovat <a href=\"https:\/\/www.potreby.info\/dum-a-bydleni\/reflektor\/\">reflektory<\/a>. Sp\u00ed\u0161e se v\u0161ak bude hodit intimn\u011bj\u0161\u00ed osv\u011btlen\u00ed romanti\u010dt\u011bj\u0161\u00edho r\u00e1zu.&nbsp; <strong><a href=\"https:\/\/www.potreby.info\/dum-a-bydleni\/zahradn%C3%AD-sol%C3%A1rn%C3%AD-sv%C4%9Btla\/\">Zahradn\u00ed sol\u00e1rn\u00ed sv\u011btla<\/a><\/strong> nebo <a href=\"https:\/\/www.potreby.info\/dum-a-bydleni\/lucerna\/\">lucerny<\/a> nav\u00edc nepot\u0159ebuj\u00ed \u017e\u00e1dn\u00fd zdroj elekt\u0159iny, tak\u017ee je m\u016f\u017eeme instalovat kamkoliv. Nemus\u00edme se b\u00e1t ani <a href=\"https:\/\/www.potreby.info\/dum-a-bydleni\/sv%C4%9Bteln%C3%BD-%C5%99et%C4%9Bz-venkovn%C3%AD\/\">sv\u011bteln\u00fdch \u0159et\u011bz\u016f<\/a>, kter\u00e9 m\u00e1me sp\u00ed\u0161 spojen\u00e9 s&nbsp;V\u00e1nocemi. Pokud <a href=\"https:\/\/www.potreby.info\/dum-a-bydleni\/sv%C4%9Bteln%C3%BD-%C5%99et%C4%9Bz-b%C3%ADl%C3%BD\/\">b\u00edle sv\u00edt\u00edc\u00ed \u0159et\u011bz<\/a> p\u0159ipevn\u00edte na pergolu, alt\u00e1nek nebo i na slune\u010dn\u00ed, bu\u010fte si jisti, \u017ee v\u00fdsledek bude kouzeln\u00fd. Na oslavu se nebojte po\u0159\u00eddit ani <a href=\"https:\/\/www.potreby.info\/dum-a-bydleni\/sv%C4%9Bteln%C3%BD-%C5%99et%C4%9Bz-barevn%C3%BD\/\">sv\u011bteln\u00fd \u0159et\u011bz barevn\u00fd<\/a>.<br>Nezapom\u00ednejme ani na <a href=\"https:\/\/www.potreby.info\/dum-a-bydleni\/voskov%C3%A1-sv%C3%AD%C4%8Dka\/\">klasick\u00e9 sv\u00ed\u010dky<\/a>, kter\u00e9 jsou co do vytv\u00e1\u0159en\u00ed pohodov\u00e9 atmosf\u00e9ry nenahraditeln\u00e9, i kdy\u017e se o to v\u00fdrobci sv\u00ed\u010dek a kal\u00ed\u0161k\u016f na baterii sna\u017e\u00ed. Takov\u00edto <a href=\"https:\/\/www.potreby.info\/dum-a-bydleni\/sv%C3%AD%C4%8Dka-na-baterii\/\">kal\u00ed\u0161ek nebo sv\u00ed\u010dka na baterku<\/a> je pak zcela bezpe\u010dn\u00fd a ocen\u00ed ho tak zejm\u00e9na rodi\u010de mal\u00fdch d\u011bt\u00ed, pro kter\u00e9 takov\u00fdto kal\u00ed\u0161ek nep\u0159edstavuje \u017e\u00e1dn\u00e9 nebezpe\u010d\u00ed.<\/p>\n\n\n\n<p><strong>KV\u011aTIN\u00c1\u010cE<\/strong><br>K z\u00fatuln\u011bn\u00ed odpo\u010dinkov\u00e9 o\u00e1zy napomohou tak\u00e9 rostliny zasazen\u00e9 v&nbsp;p\u011bkn\u00e9m <strong><a href=\"https:\/\/www.potreby.info\/dum-a-bydleni\/kv%C4%9Btin%C3%A1%C4%8D\/\">kv\u011btin\u00e1\u010di<\/a><\/strong>. Nab\u00eddka <a href=\"https:\/\/www.potreby.info\/dum-a-bydleni\/kv%C4%9Btin%C3%A1%C4%8D\/\">kv\u011btin\u00e1\u010d\u016f<\/a> je velmi \u0161irok\u00e1, sta\u010d\u00ed si jen vybrat spr\u00e1vn\u00fd rozm\u011br, hod\u00edc\u00ed se materi\u00e1l, strukturu a barvu. Uvid\u00edte, \u017ee dokonce i pouh\u00e1 obm\u011bna star\u00fdch kv\u011btin\u00e1\u010d\u016f, nebo jejich dopln\u011bn\u00ed nov\u00fdm kouskem dok\u00e1\u017ee prostor o\u017eivit.<\/p>\n\n\n\n<p><strong>OHNI\u0160T\u011a A VENKOVN\u00cd TOPIDLA<\/strong><br>K pobytu na zahrad\u011b neodmysliteln\u011b pat\u0159\u00ed ohe\u0148. D\u0159\u00edve tradi\u010dn\u00ed vykopanou j\u00e1mu v&nbsp;tr\u00e1vn\u00edku obskl\u00e1danou kameny dnes st\u00e1le \u010dast\u011bji nahrazuje p\u0159enosn\u00e9 <strong><a href=\"https:\/\/www.potreby.info\/dum-a-bydleni\/ohni%C5%A1t%C4%9B\/\">ohni\u0161t\u011b<\/a><\/strong>. Je to velmi praktick\u00e1 v\u011bc, ohni\u0161t\u011b m\u016f\u017eete vyt\u00e1hnout jen v&nbsp;p\u0159\u00edpad\u011b pot\u0159eby a tr\u00e1vn\u00edk tak bude po\u0159\u00e1d kr\u00e1sn\u00fd. M\u016f\u017eete si na n\u011bm nejen up\u00e9ci n\u011bjakou dobrotu ale i se malinko oh\u0159\u00e1t.<br>Pro ty co na sv\u00fdch zahrad\u00e1ch r\u00e1di tr\u00e1v\u00ed chladn\u00e9 jarn\u00ed, \u010di podzimn\u00ed dny, zajist\u00ed po\u0159\u00e1dn\u00e9 oh\u0159\u00e1t\u00ed <strong><a href=\"https:\/\/www.potreby.info\/dum-a-bydleni\/zahradn%C3%AD-topidlo\/\">zahradn\u00ed topidlo<\/a><\/strong>. Hod\u00ed se v\u0161ak sp\u00ed\u0161e pod zast\u0159e\u0161en\u00fd, \u010d\u00e1ste\u010dn\u011b uzav\u0159en\u00fd prostor, jako je t\u0159eba <strong><a href=\"https:\/\/www.potreby.info\/dum-a-bydleni\/alt%C3%A1n\/\">alt\u00e1n<\/a><\/strong> nebo&nbsp;zast\u0159e\u0161en\u00e1&nbsp;<strong><a href=\"https:\/\/www.potreby.info\/dum-a-bydleni\/pergola\/\">pergola<\/a><\/strong>. V&nbsp;p\u0159\u00edpad\u011b, \u017ee po\u0159\u00e1d\u00e1te n\u011bjakou v\u011bt\u0161\u00ed zahradn\u00ed oslavu s&nbsp;<strong><a href=\"https:\/\/www.potreby.info\/dum-a-bydleni\/party-stan\/\">party stanem<\/a><\/strong>, a&nbsp;o\u010dek\u00e1v\u00e1te chladn\u011bj\u0161\u00ed po\u010das\u00ed, je dobr\u00e9 si <a href=\"https:\/\/www.potreby.info\/dum-a-bydleni\/zahradn%C3%AD-topidlo\/\">zahradn\u00ed topidlo<\/a> po\u0159\u00eddit. Aby v\u00e1m pak slou\u017eilo, co nejd\u00e9le, p\u0159ikupte si k&nbsp;n\u011bmu i <a href=\"https:\/\/www.potreby.info\/dum-a-bydleni\/obal-na-topidlo\/\">ochrann\u00fd obal<\/a>.<\/p>\n\n\n\n<p><strong>Z\u00c1ST\u011aNY<\/strong><br>Pro vytvo\u0159en\u00ed v\u011bt\u0161\u00edho soukrom\u00ed existuj\u00ed k&nbsp;tomu ur\u010den\u00e9 <strong><a href=\"https:\/\/www.potreby.info\/dum-a-bydleni\/st%C3%ADn%C3%ADc%C3%AD-s%C3%AD%C5%A5\/\">st\u00edn\u00edc\u00ed s\u00edt\u011b<\/a><\/strong>. Jejich instalace je jednoduch\u00e1 a&nbsp;po&nbsp;p\u0159ipevn\u011bn\u00ed na <a href=\"https:\/\/www.potreby.info\/dum-a-bydleni\/plot\/\">plot<\/a> vytvo\u0159\u00ed z\u00e1st\u011bnu. M\u016f\u017eeme tak na\u0161i zahradu odd\u011blit od ru\u0161n\u00e9 ulice nebo zv\u011bdav\u00fdch soused\u016f.<br>Stejn\u011b tak i <strong><a href=\"https:\/\/www.potreby.info\/dum-a-bydleni\/obal-na-topidlo\/\">st\u00edn\u00edc\u00ed plachty<\/a><\/strong> mohou poskytnout ur\u010dit\u00e9 soukrom\u00ed a dostatek st\u00ednu.<br><\/p>\n\n\n\n<p>V\u011b\u0159te, \u017ee vhodn\u011b zvolen\u00fd <strong><a href=\"https:\/\/www.potreby.info\/dum-a-bydleni\/zahradn%C3%AD-n%C3%A1bytek\/\">zahradn\u00ed n\u00e1bytek<\/a><\/strong> spole\u010dn\u011b s&nbsp;dal\u0161\u00edmi dopl\u0148ky vykouzl\u00ed dokonal\u00e9 m\u00edsto, kter\u00e9 ka\u017ed\u00e9ho zl\u00e1k\u00e1 alespo\u0148 ke kr\u00e1tk\u00e9 chvilce odpo\u010dinku. Va\u0161\u00ed snahy a \u010dasu vynalo\u017een\u00e9ho na p\u0159\u00edpravu takov\u00e9ho prostoru jist\u011b nebudete nikdy litovat, kdy\u017e uvid\u00edte svou rodinu a bl\u00edzk\u00e9 pohodln\u011b odpo\u010d\u00edvat a&nbsp;u\u017e\u00edvat si spole\u010dn\u011b tr\u00e1ven\u00fd \u010das.<\/p>\n","protected":false},"excerpt":{"rendered":"<p>I kdy\u017e dne\u0161n\u00ed doba tomu bohu\u017eel p\u0159\u00edli\u0161 nep\u0159eje, je dostate\u010dn\u00fd odpo\u010dinek jedn\u00edm z&nbsp;hlavn\u00edch pil\u00ed\u0159\u016f zdrav\u00e9ho \u017eivotn\u00edho stylu. Mus\u00edme mu tedy v\u011bnovat n\u00e1le\u017eitou pozornost a v&nbsp;tomto ohledu na sebe nezapom\u00ednat. Brzy by se n\u00e1m to mohlo nep\u011bkn\u011b vymst\u00edt, a\u0165 u\u017e v&nbsp;podob\u011b zdravotn\u00edch nebo&nbsp;psychick\u00fdch probl\u00e9m\u016f. A to samoz\u0159ejm\u011b nechceme.Jist\u011b m\u016f\u017eeme odpo\u010d\u00edvat aktivn\u011b p\u0159i obl\u00edben\u00e9m sportu. Ale nezapome\u0148me [&hellip;]<\/p>\n","protected":false},"author":2,"featured_media":0,"comment_status":"closed","ping_status":"","sticky":false,"template":"","format":"standard","meta":{"footnotes":""},"categories":[4,7],"tags":[],"class_list":["post-449","post","type-post","status-publish","format-standard","hentry","category-na-zahradu-balkon-ci-terasu","category-odpocinek-na-cerstvem-vzduchu"],"_links":{"self":[{"href":"https:\/\/www.potreby.info\/dum-a-bydleni\/blog\/wp-json\/wp\/v2\/posts\/449","targetHints":{"allow":["GET"]}}],"collection":[{"href":"https:\/\/www.potreby.info\/dum-a-bydleni\/blog\/wp-json\/wp\/v2\/posts"}],"about":[{"href":"https:\/\/www.potreby.info\/dum-a-bydleni\/blog\/wp-json\/wp\/v2\/types\/post"}],"author":[{"embeddable":true,"href":"https:\/\/www.potreby.info\/dum-a-bydleni\/blog\/wp-json\/wp\/v2\/users\/2"}],"replies":[{"embeddable":true,"href":"https:\/\/www.potreby.info\/dum-a-bydleni\/blog\/wp-json\/wp\/v2\/comments?post=449"}],"version-history":[{"count":62,"href":"https:\/\/www.potreby.info\/dum-a-bydleni\/blog\/wp-json\/wp\/v2\/posts\/449\/revisions"}],"predecessor-version":[{"id":576,"href":"https:\/\/www.potreby.info\/dum-a-bydleni\/blog\/wp-json\/wp\/v2\/posts\/449\/revisions\/576"}],"wp:attachment":[{"href":"https:\/\/www.potreby.info\/dum-a-bydleni\/blog\/wp-json\/wp\/v2\/media?parent=449"}],"wp:term":[{"taxonomy":"category","embeddable":true,"href":"https:\/\/www.potreby.info\/dum-a-bydleni\/blog\/wp-json\/wp\/v2\/categories?post=449"},{"taxonomy":"post_tag","embeddable":true,"href":"https:\/\/www.potreby.info\/dum-a-bydleni\/blog\/wp-json\/wp\/v2\/tags?post=449"}],"curies":[{"name":"wp","href":"https:\/\/api.w.org\/{rel}","templated":true}]}}