{"id":444,"date":"2020-10-23T10:24:10","date_gmt":"2020-10-23T08:24:10","guid":{"rendered":"https:\/\/www.potreby.info\/dum-a-bydleni\/blog\/?p=444"},"modified":"2020-10-25T16:55:03","modified_gmt":"2020-10-25T15:55:03","slug":"co-je-treba-zvazit-pred-vyberem-venkovniho-posezeni","status":"publish","type":"post","link":"https:\/\/www.potreby.info\/dum-a-bydleni\/blog\/co-je-treba-zvazit-pred-vyberem-venkovniho-posezeni\/","title":{"rendered":"Co je t\u0159eba zv\u00e1\u017eit p\u0159ed v\u00fdb\u011brem venkovn\u00edho posezen\u00ed"},"content":{"rendered":"\n<p>Ka\u017ed\u00fd tou\u017e\u00edme po chvilce <a href=\"https:\/\/www.potreby.info\/dum-a-bydleni\/odpo%C4%8Dinek\/\">odpo\u010dinku<\/a> po n\u00e1ro\u010dn\u00e9m dni. Jen tak si d\u00e1t nohy nahoru, pohodln\u011b se usadit a vychutnat si t\u0159eba <a href=\"https:\/\/www.potreby.info\/dum-a-bydleni\/k%C3%A1va\/\">k\u00e1vu<\/a>, p\u0159e\u010d\u00edst kousek <a href=\"https:\/\/www.potreby.info\/knihy\/\">kn\u00ed\u017eky<\/a> a alespo\u0148 na chvilku zapomenout na v\u0161echny starosti. A co takhle si u\u017e\u00edt p\u0159\u00edjemn\u00fd ned\u011bln\u00ed <a href=\"https:\/\/www.potreby.info\/dum-a-bydleni\/ob%C4%9Bd\/\">ob\u011bd<\/a> na \u010derstv\u00e9m vzduchu? Nebo pozorovat z\u00e1pad slunce ve&nbsp;spole\u010dnosti sv\u00fdch milovan\u00fdch? Pokud tu mo\u017enost m\u00e1me, je vybudov\u00e1n\u00ed <a href=\"https:\/\/www.potreby.info\/dum-a-bydleni\/venkovn%C3%AD-posezen%C3%AD\/\"><strong>venkovn\u00edho posezen\u00ed<\/strong><\/a> v\u00edtan\u00fdm dopl\u0148kem zahrady, balkonu, \u010di <a href=\"https:\/\/www.potreby.info\/dum-a-bydleni\/terasa\/\">terasy<\/a> snad v&nbsp;ka\u017ed\u00e9 rodin\u011b.<\/p>\n\n\n\n<!--more-->\n\n\n\n<figure class=\"wp-block-image size-large is-resized\"><a href=\"https:\/\/www.potreby.info\/dum-a-bydleni\/venkovn%C3%AD-n%C3%A1bytek\/\"><img loading=\"lazy\" decoding=\"async\" src=\"https:\/\/www.potreby.info\/dum-a-bydleni\/blog\/wp-content\/uploads\/2020\/10\/zahradni-posezeni-drevena-lavicka-4-1024x533.jpg\" alt=\"zahradn\u00ed posezen\u00ed s lavi\u010dkou\" class=\"wp-image-435\" width=\"804\" height=\"418\"\/><\/a><figcaption>Venkovn\u00ed posezen\u00ed<\/figcaption><\/figure>\n\n\n\n<p>Ve velmi \u0161irok\u00e9 nab\u00eddce nejr\u016fzn\u011bj\u0161\u00edch <a href=\"https:\/\/www.potreby.info\/dum-a-bydleni\/%C5%BEidle\/\"><strong>\u017eidl\u00ed<\/strong><\/a>, <a href=\"https:\/\/www.potreby.info\/dum-a-bydleni\/lavi%C4%8Dka\/\"><strong>lavi\u010dek<\/strong><\/a>, <a href=\"https:\/\/www.potreby.info\/dum-a-bydleni\/st%C5%AFl\/\"><strong>stol\u016f<\/strong><\/a>, <a href=\"https:\/\/www.potreby.info\/dum-a-bydleni\/zahradn%C3%AD-set-n%C3%A1bytku\/\"><strong>zahradn\u00edch set\u016f<\/strong><\/a> a dal\u0161\u00edho <a href=\"https:\/\/www.potreby.info\/dum-a-bydleni\/venkovn%C3%AD-n%C3%A1bytek\/\"><strong>venkovn\u00edho n\u00e1bytku<\/strong><\/a> m\u016f\u017ee b\u00fdt pom\u011brn\u011b slo\u017eit\u00e9 se zorientovat. Nemus\u00edte si v\u0161ak zoufat!<br>V tomto a n\u00e1sleduj\u00edc\u00edm \u010dl\u00e1nku v\u00e1s velmi r\u00e1di provedeme nemal\u00fdm dobrodru\u017estv\u00edm, kter\u00fdm jist\u011b za\u0159izov\u00e1n\u00ed venkovn\u00ed odpo\u010dinkov\u00e9 o\u00e1zy je.<br><br>P\u0159i v\u00fdb\u011bru, berme v&nbsp;patrnost, n\u011bkolik parametr\u016f, kter\u00e9 n\u00e1m pomohou s&nbsp;rozhodov\u00e1n\u00edm.&nbsp; Jde nejen o to, jak velk\u00fd <strong>prostor<\/strong> m\u00e1me a tedy zda si m\u016f\u017eeme dovolit prostorov\u011b n\u00e1ro\u010dn\u011bj\u0161\u00ed nebo rad\u011bji \u00fasporn\u00fd a&nbsp;skladn\u00fd n\u00e1bytek, ale zejm\u00e9na o pou\u017eit\u00fd <strong>materi\u00e1l<\/strong>. Z&nbsp;n\u011bj se odv\u00edj\u00ed <strong>nosnost n\u00e1bytku<\/strong>, jeho <strong>odolnost v\u016f\u010di pov\u011btrnostn\u00edm vliv\u016fm<\/strong> a hlavn\u011b <strong>n\u00e1roky na jeho \u00fadr\u017ebu<\/strong>.<\/p>\n\n\n\n<h2 class=\"wp-block-heading\">N\u00e1ro\u010dnost na prostor<\/h2>\n\n\n\n<p>P\u0159i pl\u00e1nov\u00e1n\u00ed <a href=\"https:\/\/www.potreby.info\/dum-a-bydleni\/posezen%C3%AD\/\">posezen\u00ed<\/a> je pr\u00e1v\u011b velikost <a href=\"https:\/\/www.potreby.info\/dum-a-bydleni\/zahradn%C3%AD-n%C3%A1bytek\/\"><strong>zahradn\u00edho n\u00e1bytku<\/strong><\/a> prvn\u00edm parametrem, kter\u00fd zva\u017eujeme. Nejde jen o\u00a0m\u00edsto, kde bude n\u00e1bytek st\u00e1t, ale mus\u00edme myslet i na pot\u0159ebu jeho uschov\u00e1n\u00ed na zimu. Zazimov\u00e1n\u00ed <strong><a href=\"https:\/\/www.potreby.info\/dum-a-bydleni\/venkovn%C3%AD-n%C3%A1bytek\/\">venkovn\u00edho n\u00e1bytku<\/a><\/strong> z\u00e1vis\u00ed zejm\u00e9na na materi\u00e1lu, ze kter\u00e9ho je zhotoven.<br>O pot\u0159eb\u00e1ch r\u016fzn\u00fdch materi\u00e1l\u016f v\u00e1s sezn\u00e1m\u00edme n\u00ed\u017ee. Pokud v\u0161ak nedisponujeme p\u0159\u00edli\u0161 velk\u00fdm skladovac\u00edm prostorem, je dobr\u00fdm \u0159e\u0161en\u00edm po\u0159\u00edzen\u00ed skl\u00e1dac\u00edho vybaven\u00ed nebo alespo\u0148 toho stohovateln\u00e9ho. Nebo si si rovnou m\u016f\u017eete po\u0159\u00eddit <a href=\"https:\/\/www.potreby.info\/dum-a-bydleni\/zahradn%C3%AD-domek\/\">zahradn\u00ed domek<\/a> a vytvo\u0159it si ta dostate\u010dn\u00fd skladovac\u00ed prostor.<\/p>\n\n\n\n<h2 class=\"wp-block-heading\">Um\u00edst\u011bn\u00ed<\/h2>\n\n\n\n<p>Vlastn\u00ed um\u00edst\u011bn\u00ed tak\u00e9 zu\u017euje mo\u017enost v\u00fdb\u011bru. Pokud bude <a href=\"https:\/\/www.potreby.info\/dum-a-bydleni\/venkovn%C3%AD-posezen%C3%AD\/\"><strong>venkovn\u00ed posezen\u00ed<\/strong><\/a> zast\u0159e\u0161en\u00e9 a tedy chr\u00e1n\u011bn\u00e9 p\u0159ed\u00a0de\u0161t\u011bm a dal\u0161\u00ed nep\u0159\u00edzn\u00ed po\u010das\u00ed, m\u016f\u017eeme vyb\u00edrat z\u00a0materi\u00e1l\u016f choulostiv\u011bj\u0161\u00edch. Pokud\u00a0ale\u00a0od\u00a0<a href=\"https:\/\/www.potreby.info\/dum-a-bydleni\/venkovn%C3%AD-n%C3%A1bytek\/\"><strong>n\u00e1bytku<\/strong><\/a>\u00a0o\u010dek\u00e1v\u00e1me, \u017ee bude po celou sez\u00f3nu, nebo snad celoro\u010dn\u011b venku, mus\u00edme volit mezi materi\u00e1ly odoln\u00fdmi, jinak by brzy n\u00e1bytek zk\u00e1ze.<\/p>\n\n\n\n<h2 class=\"wp-block-heading\">\u00da\u010del<\/h2>\n\n\n\n<p>Je dobr\u00e9, si tak\u00e9 rozmyslet, k\u00a0jak\u00e9mu \u00fa\u010delu budeme n\u00e1bytek nejv\u00edce vyu\u017e\u00edvat. Pl\u00e1nujeme na zahrad\u011b hlavn\u011b <strong>tr\u00e1vit sn\u00eddan\u011b<\/strong>, <strong>\u010das ob\u011bda<\/strong>, \u010di <strong>ve\u010de\u0159e<\/strong>, nebo chceme zejm\u00e9na pohodln\u011b <strong>leno\u0161it<\/strong> a m\u00edt mo\u017enost se\u00a0nat\u00e1hnout?<br>Jak si jist\u011b dok\u00e1\u017eete p\u0159edstavit, nebude p\u0159\u00edli\u0161 p\u0159\u00edjemn\u00e9 j\u00edst ob\u011bd na velmi n\u00edzk\u00e9 seda\u010dce s\u00a0hlubok\u00fdm sed\u00e1kem a naopak <a href=\"https:\/\/www.potreby.info\/dum-a-bydleni\/%C5%BEidle\/\"><strong>\u017eidle<\/strong><\/a> klasick\u00fdch rozm\u011br\u016f nen\u00ed ide\u00e1ln\u00edm m\u00edstem k\u00a0odpo\u010dinku. Av\u0161ak nic nebr\u00e1n\u00ed tomu kombinovat v\u00ed\u0161e zm\u00edn\u011bn\u00e9 a m\u00edt tak nejen p\u0159\u00edjemn\u00e9 posezen\u00ed u j\u00eddeln\u00edho <a href=\"https:\/\/www.potreby.info\/dum-a-bydleni\/st%C5%AFl\/\"><strong>stolu<\/strong><\/a>, ale i pohodln\u00fd koutek s\u00a0m\u011bkk\u00fdm <a href=\"https:\/\/www.potreby.info\/dum-a-bydleni\/polstrov%C3%A1n%C3%AD\/\">polstrov\u00e1n\u00edm<\/a>, do kter\u00e9ho se m\u016f\u017eeme zavrtat.<\/p>\n\n\n\n<h2 class=\"wp-block-heading\">Cena<\/h2>\n\n\n\n<p>D\u016fle\u017eitou roli hraje i cena. Pokud m\u00e1me omezen\u011bj\u0161\u00ed rozpo\u010det je mu nutn\u00e9 v\u00fdb\u011br n\u00e1bytku samoz\u0159ejm\u011b pod\u0159\u00eddit. Bu\u010fme ale na <strong>pozoru p\u0159ed p\u0159\u00edli\u0161 levn\u00fdm n\u00e1bytkem<\/strong>! Ten bude s\u00a0nejv\u011bt\u0161\u00ed pravd\u011bpodobnost\u00ed vyroben z\u00a0nekvalitn\u00edch materi\u00e1l\u016f a takov\u00e1to \u201ev\u00fdhodn\u00e1 koup\u011b\u201c opravdu v\u00fdhodnou nebude. Volme\u00a0tedy\u00a0jist\u00fd\u00a0kompromis\u00a0ceny a kvality, s\u00a0d\u016frazem pr\u00e1v\u011b na kvalitu pou\u017eit\u00fdch materi\u00e1l\u016f.<\/p>\n\n\n\n<h2 class=\"wp-block-heading\">Pou\u017e\u00edvan\u00e9 materi\u00e1ly<\/h2>\n\n\n\n<p>Materi\u00e1l vol\u00edme nejen podle finan\u010dn\u00edch prost\u0159edk\u016f, vlastn\u00edho vkusu a stylu zahrady, ale tak\u00e9 podle dal\u0161\u00edch vlastnost\u00ed, kter\u00e9 od n\u00e1bytku o\u010dek\u00e1v\u00e1me.<br>K v\u00fdrob\u011b zahradn\u00edho n\u00e1bytku se pou\u017e\u00edv\u00e1 <strong>d\u0159evo<\/strong>, <strong>kov<\/strong> a <strong>plast<\/strong> nebo r\u016fzn\u00e9 <strong>kombinace<\/strong> t\u011bchto <strong>materi\u00e1l\u016f<\/strong>. Li\u0161\u00ed se pak nejen vzhledem, ale zejm\u00e9na sv\u00fdmi u\u017eitn\u00fdmi vlastnostmi, jako je odolnost, pevnost, st\u00e1lobarevnost a v\u00a0neposledn\u00ed \u0159ad\u011b n\u00e1ro\u010dnost \u00fadr\u017eby.<br><\/p>\n\n\n\n<figure class=\"wp-block-image size-large is-resized\"><a href=\"https:\/\/www.potreby.info\/dum-a-bydleni\/plastov%C3%BD-zahradn%C3%AD-n%C3%A1bytek\/\"><img loading=\"lazy\" decoding=\"async\" src=\"https:\/\/www.potreby.info\/dum-a-bydleni\/blog\/wp-content\/uploads\/2020\/10\/plastova-lavice-1024x533.jpg\" alt=\"zahradn\u00ed lavice plastov\u00e1\" class=\"wp-image-74\" width=\"856\" height=\"445\"\/><\/a><figcaption>Plastov\u00fd zahradn\u00ed n\u00e1bytek<\/figcaption><\/figure>\n\n\n\n<p><strong>PLAST<\/strong><br>Plasty jsou jedny z&nbsp;nejpou\u017e\u00edvan\u011bj\u0161\u00edch materi\u00e1l\u016f a jejich obliba st\u00e1le roste, ruku v&nbsp;ruce s&nbsp;t\u00edm, jak stoup\u00e1 jejich kvalita a odolnost.<\/p>\n\n\n\n<p>Velkou v\u00fdhodou <strong><a href=\"https:\/\/www.potreby.info\/dum-a-bydleni\/plastov%C3%BD-zahradn%C3%AD-n%C3%A1bytek\/\">plastov\u00e9ho n\u00e1bytku<\/a><\/strong> je jeho <strong>n\u00edzk\u00e1 hmotnost<\/strong>. Nebude tedy \u017e\u00e1dn\u00fd probl\u00e9m s\u00a0p\u0159en\u00e1\u0161en\u00edm a uskladn\u011bn\u00edm na zimu. V\u00fdhodou je i <strong>odolnost<\/strong> v\u016f\u010di pov\u011btrnostn\u00edm vliv\u016fm (to\u00a0v\u0161ak\u00a0zcela\u00a0z\u00e1vis\u00ed\u00a0na kvalit\u011b pou\u017eit\u00e9ho plastu) a velmi <strong>nen\u00e1ro\u010dn\u00e1 \u00fadr\u017eba<\/strong>. Pozitivem je i pom\u011brn\u011b \u0161irok\u00e1 \u0161k\u00e1la barevn\u00fdch variant. Pro n\u011bkoho m\u016f\u017ee hr\u00e1t hlavn\u00ed roli jeho cena, kter\u00e1 je v\u00a0porovn\u00e1n\u00ed s\u00a0ostatn\u00edmi pou\u017e\u00edvan\u00fdmi materi\u00e1ly velmi n\u00edzk\u00e1.<\/p>\n\n\n\n<p>M\u00e1 v\u0161ak i sv\u00e9 nev\u00fdhody. <strong>Nen\u00ed p\u0159\u00edli\u0161 pevn\u00fd<\/strong>, proto se nesm\u00ed p\u0159et\u011b\u017eovat nad doporu\u010den\u00ed, hroz\u00ed toti\u017e jeho prasknut\u00ed. A na zimu je nutn\u00e9 jej <strong>uskladnit v\u00a0bezmraz\u00e9 m\u00edstnosti<\/strong>. Kdyby toti\u017e p\u0159emrzl, stal by se velmi k\u0159ehk\u00fdm. N\u011bkter\u00fd, zejm\u00e9na ten velmi levn\u00fd <strong><a href=\"https:\/\/www.potreby.info\/dum-a-bydleni\/plastov%C3%BD-zahradn%C3%AD-n%C3%A1bytek\/\">plastov\u00fd n\u00e1bytek<\/a><\/strong>, tak\u00e9 rychle ztr\u00e1c\u00ed barvu, pokud je vystaven p\u0159\u00edm\u00e9mu slunci.<\/p>\n\n\n\n<figure class=\"wp-block-image size-large is-resized\"><a href=\"https:\/\/www.potreby.info\/dum-a-bydleni\/kovov%C3%BD-zahradn%C3%AD-n%C3%A1bytek\/\"><img loading=\"lazy\" decoding=\"async\" src=\"https:\/\/www.potreby.info\/dum-a-bydleni\/blog\/wp-content\/uploads\/2020\/10\/zahradni-posezeni-kovova-lavicka-1-1024x533.jpg\" alt=\"kovov\u00e1 zahradn\u00ed lavi\u010dka\" class=\"wp-image-437\" width=\"873\" height=\"454\"\/><\/a><figcaption>Kovov\u00fd zahradn\u00ed n\u00e1bytek<\/figcaption><\/figure>\n\n\n\n<p><strong>KOV<\/strong><br>Nejv\u011bt\u0161\u00ed v\u00fdhodou <strong><a href=\"https:\/\/www.potreby.info\/dum-a-bydleni\/kovov%C3%BD-zahradn%C3%AD-n%C3%A1bytek\/\">zahradn\u00edho n\u00e1bytku vyroben\u00e9ho z\u00a0kovu<\/a><\/strong> je jeho <strong>pevnost<\/strong> a velk\u00e1 <strong>odolnost<\/strong>. Pokud je\u00a0vyroben z\u00a0kvalitn\u00edho kovu a dob\u0159e povrchov\u011b o\u0161et\u0159en, m\u00e1 velmi <strong>dlouhou \u017eivotnost<\/strong>.<br>Nejpou\u017e\u00edvan\u011bj\u0161\u00edmi kovy jsou pak \u017eelezo, ocel, litina a hlin\u00edk.<\/p>\n\n\n\n<p>\u017delezn\u00fd, ocelov\u00fd a litinov\u00fd n\u00e1bytek, na rozd\u00edl od hlin\u00edkov\u00e9ho <strong>m\u016f\u017ee zrezav\u011bt<\/strong>, pokud jeho n\u00e1t\u011br nebyl dokonale proveden nebo byla tato vrstva n\u011bjak po\u0161kozena.<\/p>\n\n\n\n<p>Ocelov\u00fd, \u017eelezn\u00fd a litinov\u00fd n\u00e1bytek je dost <strong>t\u011b\u017ek\u00fd<\/strong>, to ale m\u016f\u017ee b\u00fdt u n\u011bkter\u00fdch kus\u016f naopak \u017e\u00e1douc\u00ed. Nap\u0159\u00edklad u <a href=\"https:\/\/www.potreby.info\/dum-a-bydleni\/zahradn%C3%AD-houpa%C4%8Dka\/\">zahradn\u00ed houpa\u010dky<\/a> a <a href=\"https:\/\/www.potreby.info\/dum-a-bydleni\/lavi%C4%8Dka\/\">lavi\u010dky<\/a> je tak zaji\u0161t\u011bna pom\u011brn\u011b velk\u00e1 stabilita.<\/p>\n\n\n\n<p><strong>Hlin\u00edkov\u00fd<\/strong> n\u00e1bytek je pak <strong>nejleh\u010d\u00ed<\/strong>, tedy snadno manipulovateln\u00fd a je tak\u00e9 prakticky dokonale odoln\u00fd v\u016f\u010di rozmar\u016fm p\u0159\u00edrody. V\u00a0n\u011bkter\u00fdch p\u0159\u00edpadech v\u0161ak m\u016f\u017ee b\u00fdt po\u0159\u00edzen\u00ed takov\u00e9ho n\u00e1bytku finan\u010dn\u011b n\u00e1ro\u010dn\u011bj\u0161\u00ed. Hlin\u00edk se \u010dasto vyu\u017e\u00edv\u00e1 u kempingov\u00e9ho<strong> <a href=\"https:\/\/www.potreby.info\/dum-a-bydleni\/skl%C3%A1dac%C3%AD-hlin%C3%ADkov%C3%BD-st%C5%AFl-s-lavicemi\/\">skl\u00e1dac\u00edho n\u00e1bytk<\/a><\/strong><a href=\"https:\/\/www.potreby.info\/dum-a-bydleni\/skl%C3%A1dac%C3%AD-hlin%C3%ADkov%C3%BD-st%C5%AFl-s-lavicemi\/\"><strong>u<\/strong><\/a>, kde je hlavn\u00edm po\u017eadavkem skladnost a co nejni\u017e\u0161\u00ed hmotnost.<\/p>\n\n\n\n<p>Spole\u010dnou <strong>nev\u00fdhodou<\/strong> ve\u0161ker\u00e9ho <a href=\"https:\/\/www.potreby.info\/dum-a-bydleni\/kovov%C3%BD-zahradn%C3%AD-n%C3%A1bytek\/\"><strong>kovov\u00e9ho zahradn\u00ed n\u00e1bytku<\/strong><\/a> je jeho <strong>velk\u00e1 tepeln\u00e1 vodivost<\/strong>. To\u00a0znamen\u00e1, \u017ee\u00a0pokud bude vystaven p\u0159\u00edm\u00e9mu slun\u00ed\u010dku, rychle se jeho teplota zv\u00fd\u0161\u00ed natolik, \u017ee\u00a0nebude mo\u017en\u00e9 na\u00a0n\u011bm sed\u011bt. Podobn\u011b tomu bude i v\u00a0zim\u011b, kdy bude velmi studen\u00fd. Je tedy nutn\u00e9 jej um\u00edstit do st\u00ednu nebo opat\u0159it n\u011bjak\u00fdm <a href=\"https:\/\/www.potreby.info\/dum-a-bydleni\/polstrov%C3%A1n%C3%AD\/\">polstrov\u00e1n\u00edm<\/a>, kter\u00e9 tuto nep\u0159\u00edjemnost vy\u0159e\u0161\u00ed.<\/p>\n\n\n\n<figure class=\"wp-block-image size-large is-resized\"><a href=\"https:\/\/www.potreby.info\/dum-a-bydleni\/d%C5%99ev%C4%9Bn%C3%BD-zahradn%C3%AD-n%C3%A1bytek\/\"><img loading=\"lazy\" decoding=\"async\" src=\"https:\/\/www.potreby.info\/dum-a-bydleni\/blog\/wp-content\/uploads\/2020\/10\/zahradni-posezeni-drevena-lavicka-1024x533.jpg\" alt=\"d\u0159ev\u011bn\u00e1 zahradn\u00ed lavi\u010dka\" class=\"wp-image-436\" width=\"876\" height=\"455\"\/><\/a><figcaption>D\u0159ev\u011bn\u00fd zahradn\u00ed n\u00e1bytek<\/figcaption><\/figure>\n\n\n\n<p><strong>D\u0158EVO<\/strong><br>Kvalitn\u00ed <strong><a href=\"https:\/\/www.potreby.info\/dum-a-bydleni\/d%C5%99ev%C4%9Bn%C3%BD-zahradn%C3%AD-n%C3%A1bytek\/\">d\u0159ev\u011bn\u00fd zahradn\u00ed n\u00e1byte<\/a><\/strong>k m\u00e1 velmi <strong>luxusn\u00ed vzhled<\/strong>, je <strong>pevn\u00fd<\/strong> a pokud je dob\u0159e o\u0161et\u0159en\u00fd, tak\u00a0i\u00a0<strong>velmi odoln\u00fd<\/strong>.<br>Pou\u017e\u00edvaj\u00ed se odoln\u00e9 a tvrd\u0161\u00ed druhy d\u0159ev z\u00a0na\u0161ich kon\u010din, jako borovice, dub, buk o\u0159ech, ale i d\u0159eva tropick\u00e1 ak\u00e1cie, teak, meranti, \u010di eukalypt.<br>Kousky ze d\u0159eva pat\u0159\u00ed sice k\u00a0t\u011bm <strong>t\u011b\u017e\u0161\u00edm<\/strong>, ale za to jsou velmi <strong>stabiln\u00ed<\/strong>. Jistou nev\u00fdhodou m\u016f\u017ee b\u00fdt jejich cena, ale tu bezesporu vyv\u00e1\u017e\u00ed kr\u00e1sa a odolnost. Kvalitn\u00ed <strong><a href=\"https:\/\/www.potreby.info\/dum-a-bydleni\/d%C5%99ev%C4%9Bn%C3%BD-venkovn%C3%AD-n%C3%A1bytek\/\">d\u0159ev\u011bn\u00fd venkovn\u00ed n\u00e1bytek<\/a><\/strong> m\u016f\u017ee postupn\u011b vyu\u017e\u00edvat i n\u011bkolik generac\u00ed bez viditeln\u00e9ho opot\u0159eben\u00ed.<\/p>\n\n\n\n<p>Nev\u00fdhodou je nutnost jeho pom\u011brn\u011b <strong>n\u00e1ro\u010dn\u00e9 \u00fadr\u017eby<\/strong>. V\u011bt\u0161inou je t\u0159eba alespo\u0148 jednou za sez\u00f3nu obnovit n\u00e1t\u011br, \u010di impregnaci, aby byla zaji\u0161t\u011bna dlouh\u00e1 \u017eivotnost. D\u0159evo je tak\u00e9 \u017eiv\u00ed materi\u00e1l, kter\u00fd\u00a0neust\u00e1le pracuje. P\u0159i v\u011bt\u0161\u00ed vlhkosti nab\u00fdv\u00e1 na objemu a naopak ve velmi such\u00e9m prost\u0159en\u00ed m\u016f\u017ee praskat. Pokud v\u0161ak bude d\u0159evo dob\u0159e o\u0161et\u0159eno, tyto v\u011bci nehroz\u00ed.<\/p>\n\n\n\n<p>Pokud ale k\u00a0n\u011bjak\u00e9mu povrchov\u00e9mu po\u0161kozen\u00ed dojde, nebo u\u017e se v\u00e1m nebude barva <strong><a href=\"https:\/\/www.potreby.info\/dum-a-bydleni\/d%C5%99ev%C4%9Bn%C3%BD-venkovn%C3%AD-n%C3%A1bytek\/\">n\u00e1bytku<\/a><\/strong> l\u00edbit, m\u00e1\u00a0v\u00a0tomto d\u0159evo velkou v\u00fdhodu.\u00a0 Sta\u010d\u00ed pouze obrousit povrchovou vrstvu a n\u00e1bytek opat\u0159it nov\u00fdm n\u00e1t\u011brem. Takovouto opravu tak m\u016f\u017eeme vyu\u017e\u00edt i k\u00a0jeho o\u017eiven\u00ed a pou\u017e\u00edt p\u0159i n\u00e1t\u011bru n\u011bjak\u00fd nov\u00fd odst\u00edn barvy. Uvid\u00edte, \u017ee <strong><a href=\"https:\/\/www.potreby.info\/dum-a-bydleni\/zahradn%C3%AD-n%C3%A1bytek\/\">zahradn\u00edmu n\u00e1bytku<\/a><\/strong>, kter\u00fd vlastn\u00edte u\u017e del\u0161\u00ed dobu, vdechnete nov\u00fd \u017eivot a mo\u017en\u00e1 nakonec ani\u00a0nebude nutn\u00e9 po\u0159izovat nov\u00fd.<\/p>\n\n\n\n<figure class=\"wp-block-image size-large is-resized\"><a href=\"https:\/\/www.potreby.info\/dum-a-bydleni\/zahradn%C3%AD-n%C3%A1bytek\/\"><img loading=\"lazy\" decoding=\"async\" src=\"https:\/\/www.potreby.info\/dum-a-bydleni\/blog\/wp-content\/uploads\/2020\/10\/zahradni-set-1024x533.jpg\" alt=\"set zahradn\u00edho n\u00e1bytku\" class=\"wp-image-82\" width=\"819\" height=\"425\"\/><\/a><figcaption>Zahradn\u00ed n\u00e1bytek<\/figcaption><\/figure>\n\n\n\n<p><strong>KOMBINACE MATERI\u00c1L\u016e<\/strong><br>Pro <strong>spojen\u00ed v\u00fdhod<\/strong> materi\u00e1l\u016f a <strong>potla\u010den\u00ed jejich nev\u00fdhod<\/strong>, se st\u00e1le \u010dast\u011bji pou\u017e\u00edvaj\u00ed jejich kombinace.<\/p>\n\n\n\n<p>Kv\u016fli tepeln\u00e9 vodivosti kovu se pou\u017e\u00edv\u00e1 na \u010d\u00e1stech, kter\u00e9 p\u0159ijdou do p\u0159\u00edm\u00e9ho styku s&nbsp;t\u011blem d\u0159evo. Jde&nbsp;o&nbsp;sedac\u00ed \u010d\u00e1st, op\u011brka a p\u0159\u00edpadn\u011b podru\u010dky. Nikdy se tak takov\u00fdto n\u00e1bytek nep\u0159eh\u0159eje a v&nbsp;zim\u011b ani&nbsp;nebude tolik studit.<\/p>\n\n\n\n<p>Kombinace kovu a plastu se pou\u017e\u00edv\u00e1 nap\u0159\u00edklad na <strong><a href=\"https:\/\/www.potreby.info\/dum-a-bydleni\/polyratanov%C3%BD-venkovn%C3%AD-n%C3%A1bytek\/\">polyratanov\u00e9m venkovn\u00ed n\u00e1bytku<\/a><\/strong>. Jedn\u00e1 se o\u00a0levn\u011bj\u0161\u00ed a hlavn\u011b odoln\u011bj\u0161\u00ed alternativu k\u00a0p\u0159\u00edrodn\u00edmu ratanu. Ten, pokud nen\u00ed spr\u00e1vn\u011b o\u0161et\u0159ov\u00e1n, co\u017e\u00a0je dosti n\u00e1ro\u010dn\u00e9, rychle p\u0159i vystaven\u00ed pov\u011btrnostn\u00edm vliv\u016f podl\u00e9h\u00e1 zk\u00e1ze.<br><strong><a href=\"https:\/\/www.potreby.info\/dum-a-bydleni\/polyratanov%C3%BD-venkovn%C3%AD-n%C3%A1bytek\/\">Polyratanov\u00fd zahradn\u00ed n\u00e1bytek<\/a><\/strong> vznik\u00e1 podobnou technikou jako ten z\u00a0prav\u00e9ho ratanu, tedy\u00a0opl\u00e9t\u00e1n\u00edm z\u00e1kladn\u00ed konstrukce.<br>Tato konstrukce je nej\u010dast\u011bji vytvo\u0159ena ze\u00a0\u017eelezn\u00fdch, ocelov\u00fdch nebo hlin\u00edkov\u00fdch trubek a je opl\u00e9tan\u00e1 plastov\u00fdm p\u00e1skem. Existuj\u00ed ale i <a href=\"https:\/\/www.potreby.info\/dum-a-bydleni\/lisovan%C3%BD-polyratan\/\">lisovan\u00fd polyratan<\/a>. U tohoto n\u00e1bytku se m\u016f\u017eete setkat i z\u00a0konstrukc\u00ed ze d\u0159eva. T\u00e9 se ale rad\u0161i vyhn\u011bte, proto\u017ee \u010dasto b\u00fdv\u00e1 pou\u017eito d\u0159evo nekvalitn\u00ed a proto nem\u00e1 p\u0159\u00edli\u0161 dlouhou \u017eivotnost.<br>U \u017eeleza a oceli zase hroz\u00ed <a href=\"https:\/\/www.potreby.info\/uklid\/odstran%C4%9Bn%C3%AD-rzi\/\">reznut\u00ed<\/a>. Ta sice na prvn\u00ed pohled nep\u016fjde vid\u011bt, proto\u017ee konstrukce je\u00a0celkov\u011b zakryt\u00e1, ale pokud na n\u00e1bytek bude pr\u0161et, budou z\u00a0n\u011bj po \u010dase vyt\u00e9kat nep\u011bkn\u00e9 rezav\u00e9 pot\u016f\u010dky. Nejvhodn\u011bj\u0161\u00edm materi\u00e1lem konstrukce je hlin\u00edk.<\/p>\n\n\n\n<figure class=\"wp-block-image size-large is-resized\"><a href=\"https:\/\/www.potreby.info\/dum-a-bydleni\/houpac%C3%AD-s%C3%AD%C5%A5\/\"><img loading=\"lazy\" decoding=\"async\" src=\"https:\/\/www.potreby.info\/dum-a-bydleni\/blog\/wp-content\/uploads\/2020\/10\/houpaci-sit-1024x533.jpg\" alt=\"z\u00e1v\u011bsn\u00e1 houpac\u00ed s\u00ed\u0165\" class=\"wp-image-234\" width=\"788\" height=\"409\"\/><\/a><figcaption>Textil na zahrad\u011b<\/figcaption><\/figure>\n\n\n\n<p><strong>TEXTIL<\/strong><br>Nakonec nesm\u00edme zapomenout je\u0161t\u011b zm\u00ednit textil. Tento materi\u00e1l se nepou\u017e\u00edv\u00e1 jen na dopl\u0148ky zahradn\u00edho n\u00e1bytku, jako jsou r\u016fzn\u00e9 <a href=\"https:\/\/www.potreby.info\/dum-a-bydleni\/podu%C5%A1ka\/\">podu\u0161ky<\/a>, <a href=\"https:\/\/www.potreby.info\/dum-a-bydleni\/pol%C5%A1t%C3%A1%C5%99\/\">pol\u0161t\u00e1\u0159e<\/a>, <a href=\"https:\/\/www.potreby.info\/dum-a-bydleni\/polstrov%C3%A1n%C3%AD\/\">polstrov\u00e1n\u00ed<\/a>, <a href=\"https:\/\/www.potreby.info\/dum-a-bydleni\/st%C5%99%C3%AD%C5%A1ka\/\">st\u0159\u00ed\u0161ky<\/a>, <a href=\"https:\/\/www.potreby.info\/dum-a-bydleni\/slune%C4%8Dn%C3%ADk\/\">slune\u010dn\u00edky<\/a>, <a href=\"https:\/\/www.potreby.info\/dum-a-bydleni\/zahradn%C3%AD-stan\/\">zahradn\u00ed stany<\/a> a dal\u0161\u00ed. Ale m\u016f\u017eeme po\u0159\u00eddit zahradn\u00ed n\u00e1bytek \u010dist\u011b textiln\u00ed.<br>Jedn\u00e1 se o <a href=\"https:\/\/www.potreby.info\/dum-a-bydleni\/houpac%C3%AD-s%C3%AD%C5%A5\/\">houpac\u00ed s\u00edt\u011b<\/a> a nejr\u016fzn\u011bj\u0161\u00ed vaky na sezen\u00ed, kter\u00e9 maj\u00ed dnes nezastupitelnou roli na mnoha zahrad\u00e1ch.<br>V\u00fdhodami jsou jejich <strong>p\u0159\u00edjemn\u00e1 po\u0159izovac\u00ed cena<\/strong>, <strong>n\u00edzk\u00e1 v\u00e1ha<\/strong> a skladnost. Jsou velmi <strong>pohodln\u00e9<\/strong> a\u00a0obl\u00edben\u00e9 u v\u0161ech generac\u00ed.<br><\/p>\n\n\n\n<p>V\u011b\u0159te, \u017ee pokud si ujasn\u00edte va\u0161e konkr\u00e9tn\u00ed po\u017eadavky a jednotliv\u00e9 plusy a m\u00ednusy pou\u017e\u00edvan\u00fdch materi\u00e1l\u016f, z\u00edsk\u00e1te ji\u017e u\u017e\u0161\u00ed v\u00fdb\u011br z\u00a0velmi \u0161irok\u00e9 nab\u00eddky nejr\u016fzn\u011bj\u0161\u00edho <strong><a href=\"https:\/\/www.potreby.info\/dum-a-bydleni\/zahradn%C3%AD-n%C3%A1bytek\/\">zahradn\u00edho n\u00e1bytku<\/a><\/strong>. Volba toho pro v\u00e1s nejvhodn\u011bj\u0161\u00edho bude tak z\u00fa\u017eena a tedy snad i zjednodu\u0161ena.<br>Pokud se budete cht\u00edt inspirovat nebo podrobn\u011bji zorientovat v\u00a0konkr\u00e9tn\u00ed nab\u00eddce <strong><a href=\"https:\/\/www.potreby.info\/dum-a-bydleni\/venkovn%C3%AD-n%C3%A1bytek\/\">venkovn\u00edho n\u00e1bytku<\/a><\/strong> a dal\u0161\u00edch prvk\u016f, kter\u00e9 m\u016f\u017eou p\u0159isp\u011bt k\u00a0va\u0161emu dokonalej\u0161\u00edmu odpo\u010dinku, za\u010dt\u011bte se do\u00a0n\u00e1sleduj\u00edc\u00edho \u010dl\u00e1nku, <a href=\"https:\/\/www.potreby.info\/dum-a-bydleni\/blog\/venkovni-lenoseni\/\">Venkovn\u00ed leno\u0161en\u00ed<\/a>.<\/p>\n","protected":false},"excerpt":{"rendered":"<p>Ka\u017ed\u00fd tou\u017e\u00edme po chvilce odpo\u010dinku po n\u00e1ro\u010dn\u00e9m dni. Jen tak si d\u00e1t nohy nahoru, pohodln\u011b se usadit a vychutnat si t\u0159eba k\u00e1vu, p\u0159e\u010d\u00edst kousek kn\u00ed\u017eky a alespo\u0148 na chvilku zapomenout na v\u0161echny starosti. A co takhle si u\u017e\u00edt p\u0159\u00edjemn\u00fd ned\u011bln\u00ed ob\u011bd na \u010derstv\u00e9m vzduchu? Nebo pozorovat z\u00e1pad slunce ve&nbsp;spole\u010dnosti sv\u00fdch milovan\u00fdch? Pokud tu mo\u017enost m\u00e1me, [&hellip;]<\/p>\n","protected":false},"author":2,"featured_media":0,"comment_status":"closed","ping_status":"","sticky":false,"template":"","format":"standard","meta":{"footnotes":""},"categories":[4,7],"tags":[],"class_list":["post-444","post","type-post","status-publish","format-standard","hentry","category-na-zahradu-balkon-ci-terasu","category-odpocinek-na-cerstvem-vzduchu"],"_links":{"self":[{"href":"https:\/\/www.potreby.info\/dum-a-bydleni\/blog\/wp-json\/wp\/v2\/posts\/444","targetHints":{"allow":["GET"]}}],"collection":[{"href":"https:\/\/www.potreby.info\/dum-a-bydleni\/blog\/wp-json\/wp\/v2\/posts"}],"about":[{"href":"https:\/\/www.potreby.info\/dum-a-bydleni\/blog\/wp-json\/wp\/v2\/types\/post"}],"author":[{"embeddable":true,"href":"https:\/\/www.potreby.info\/dum-a-bydleni\/blog\/wp-json\/wp\/v2\/users\/2"}],"replies":[{"embeddable":true,"href":"https:\/\/www.potreby.info\/dum-a-bydleni\/blog\/wp-json\/wp\/v2\/comments?post=444"}],"version-history":[{"count":47,"href":"https:\/\/www.potreby.info\/dum-a-bydleni\/blog\/wp-json\/wp\/v2\/posts\/444\/revisions"}],"predecessor-version":[{"id":561,"href":"https:\/\/www.potreby.info\/dum-a-bydleni\/blog\/wp-json\/wp\/v2\/posts\/444\/revisions\/561"}],"wp:attachment":[{"href":"https:\/\/www.potreby.info\/dum-a-bydleni\/blog\/wp-json\/wp\/v2\/media?parent=444"}],"wp:term":[{"taxonomy":"category","embeddable":true,"href":"https:\/\/www.potreby.info\/dum-a-bydleni\/blog\/wp-json\/wp\/v2\/categories?post=444"},{"taxonomy":"post_tag","embeddable":true,"href":"https:\/\/www.potreby.info\/dum-a-bydleni\/blog\/wp-json\/wp\/v2\/tags?post=444"}],"curies":[{"name":"wp","href":"https:\/\/api.w.org\/{rel}","templated":true}]}}