{"id":2788,"date":"2021-07-16T23:43:25","date_gmt":"2021-07-16T21:43:25","guid":{"rendered":"https:\/\/www.potreby.info\/dum-a-bydleni\/blog\/?p=2788"},"modified":"2021-07-16T23:43:25","modified_gmt":"2021-07-16T21:43:25","slug":"jak-rychle-a-efektivne-vytvorit-stin-na-nasi-zahrade-balkonu-ci-terase","status":"publish","type":"post","link":"https:\/\/www.potreby.info\/dum-a-bydleni\/blog\/jak-rychle-a-efektivne-vytvorit-stin-na-nasi-zahrade-balkonu-ci-terase\/","title":{"rendered":"Jak rychle a efektivn\u011b vytvo\u0159it st\u00edn na na\u0161\u00ed zahrad\u011b, balk\u00f3nu, \u010di terase"},"content":{"rendered":"\n<p>L\u00e9to je v\u00a0pln\u00e9m proudu, vysok\u00e9 teploty n\u00e1s l\u00e1kaj\u00ed k\u00a0nejr\u016fzn\u011bj\u0161\u00edm letn\u00edm radov\u00e1nk\u00e1m. Zaplavat si v\u00a0<strong><a href=\"https:\/\/www.potreby.info\/dum-a-bydleni\/baz%C3%A9n\/\">baz\u00e9nu<\/a><\/strong> a po\u0159\u00e1dn\u011b se osv\u011b\u017eit, zaleno\u0161it si na <strong><a href=\"https:\/\/www.potreby.info\/dum-a-bydleni\/zahradn%C3%AD-leh%C3%A1tko\/\">zahradn\u00edm leh\u00e1tku<\/a><\/strong>, t\u0159eba s\u00a0<strong><a href=\"https:\/\/www.potreby.info\/knihy\/\">kn\u00ed\u017ekou<\/a><\/strong> v\u00a0ruce, u\u017e\u00edt si po\u0159\u00e1dn\u00e9 <strong><a href=\"https:\/\/www.potreby.info\/dum-a-bydleni\/grilov%C3%A1n%C3%AD\/\">grilov\u00e1n\u00ed<\/a><\/strong> s\u00a0partou p\u0159\u00edtel \u010di rodinou. I kdy\u017e jsme se jist\u011b na slun\u00ed\u010dko t\u011b\u0161ili a na ja\u0159e ji\u017e vyhl\u00ed\u017eeli jeho h\u0159ejiv\u011bj\u0161\u00ed paprsky, v\u0161eho moc \u0161kod\u00ed, a proto ani pobyt na slun\u00ed\u010dku nen\u00ed radno p\u0159eh\u00e1n\u011bt.<\/p>\n\n\n\n<p>Opalovac\u00ed kr\u00e9m by m\u011bl b\u00fdt samoz\u0159ejmost\u00ed, ale ka\u017ed\u00fd jist\u011b uv\u00edt\u00e1me i n\u011bjak\u00fd ten ob\u010dasn\u00fd st\u00edn. Ti \u0161\u0165astn\u011bj\u0161\u00ed z\u00a0n\u00e1s maj\u00ed na sv\u00fdch zahrad\u00e1ch vhodn\u011b rostl\u00e9 stromy, kter\u00e9 jsou v\u017edy v\u00edtan\u00fdm \u00fato\u010di\u0161t\u011bm, kam se mohou uch\u00fdlit v\u00a0t\u00e9 nejv\u011bt\u0161\u00ed v\u00fdhni. Pokud ale strom, \u010di dokonce zahradu nem\u00e1me, mus\u00edme stinn\u00e9 m\u00edsto \u0159e\u0161it jinak. Mo\u017enost\u00ed je cel\u00e1 \u0159ada, ale pokud nechceme po\u0159izovat n\u011bjak\u00fd st\u00e1l\u00fd a finan\u010dn\u011b n\u00e1ro\u010dn\u00fd <strong><a href=\"https:\/\/www.potreby.info\/dum-a-bydleni\/p%C5%99%C3%ADst%C5%99e%C5%A1ek\/\">p\u0159\u00edst\u0159e\u0161ek<\/a><\/strong>, jeho\u017e budov\u00e1n\u00ed je i \u010dasov\u011b n\u00e1ro\u010dn\u011bj\u0161\u00ed, mo\u017enosti se zu\u017euj\u00ed. Nen\u00ed v\u0161ak t\u0159eba klesat na mysli, i v\u00a0tomto p\u0159\u00edpad\u011b po\u0159\u00e1d m\u016f\u017eeme vyb\u00edrat z\u00a0\u0159ady \u0159e\u0161en\u00ed. V\u00a0tomto \u010dl\u00e1nku v\u00e1m tedy d\u00e1me p\u00e1r typ\u016f na to, jak st\u00edn vytvo\u0159it rychle, za rozumn\u00e9 pen\u00edze, prakticky kdekoliv a kdykoliv. Jejich spole\u010dnou v\u00fdhodou je toti\u017e jejich snadn\u00e1 p\u0159em\u00edstitelnost.<\/p>\n\n\n\n<!--more-->\n\n\n\n<figure class=\"wp-block-image size-large is-resized\"><a href=\"https:\/\/www.potreby.info\/dum-a-bydleni\/slune%C4%8Dn%C3%ADk\/\"><img loading=\"lazy\" decoding=\"async\" src=\"https:\/\/www.potreby.info\/dum-a-bydleni\/blog\/wp-content\/uploads\/2021\/07\/stinidlo5-1024x483.jpg\" alt=\"zahradn\u00ed slune\u010dn\u00edk\" class=\"wp-image-2785\" width=\"996\" height=\"470\"\/><\/a><figcaption>Slune\u010dn\u00edk<\/figcaption><\/figure>\n\n\n\n<p>N\u00ed\u017ee v\u00e1m p\u0159edstav\u00edme celkem \u0161est praktick\u00fdch mo\u017enost\u00ed, jak si na na\u0161\u00ed zahrad\u011b, balk\u00f3nu i terase m\u016f\u017eeme vytvo\u0159it p\u0159\u00edjemn\u00fd st\u00edn, kde budeme moci bezpe\u010dn\u011b relaxovat i v\u00a0tom nejv\u011bt\u0161\u00edm slune\u010dn\u00edm \u017e\u00e1ru. Jakkoli vyh\u0159\u00edv\u00e1n\u00ed se na slun\u00ed\u010dku zbo\u017e\u0148ujeme, opravdu nen\u00ed dobr\u00e9 na n\u011bm b\u00fdti nep\u0159etr\u017eit\u011b. Nikdo se jist\u011b nechceme pot\u00fdkat s\u00a0nep\u0159\u00edjemn\u00fdm p\u00e1len\u00edm a z\u010derven\u00e1n\u00edm k\u016f\u017ee, v\u00a0tom lep\u0161\u00edm p\u0159\u00edpad\u011b, \u010di s\u00a0dlouhodob\u00fdmi, a zna\u010dn\u011b nebezpe\u010dn\u011bj\u0161\u00edmi, zdravotn\u00edmi n\u00e1sledky, v\u00a0tom nejhor\u0161\u00edm p\u0159\u00edpad\u011b. Opalovac\u00ed kr\u00e9my, i kdy\u017e pravideln\u011b nan\u00e1\u0161en\u00e9, zkr\u00e1tka bohu\u017eel nejsou v\u0161emocn\u00e9.<\/p>\n\n\n\n<h2 class=\"wp-block-heading\">CO NEJD\u0158\u00cdVE PROMYSLET<\/h2>\n\n\n\n<p>P\u0159i \u0159e\u0161en\u00ed zast\u00edn\u011bn\u00ed balkonu, <strong><a href=\"https:\/\/www.potreby.info\/dum-a-bydleni\/zahradn%C3%AD-posezen%C3%AD\/\">zahradn\u00edho posezen\u00ed<\/a><\/strong>, <strong><a href=\"https:\/\/www.potreby.info\/dum-a-bydleni\/baz%C3%A9n\/\">baz\u00e9nu<\/a><\/strong> nebo t\u0159eba d\u011btsk\u00e9ho <strong><a href=\"https:\/\/www.potreby.info\/dum-a-bydleni\/p%C3%ADskovi%C5%A1t%C4%9B\/\">p\u00edskovi\u0161t\u011b<\/a><\/strong> mus\u00edme zv\u00e1\u017eit zejm\u00e9na t\u0159i skute\u010dnosti, kter\u00e9 budou p\u0159i vlastn\u00edm v\u00fdb\u011bru zast\u00edn\u011bn\u00ed sm\u011brodatn\u00e9.<\/p>\n\n\n\n<h2 class=\"wp-block-heading\">Prostor<\/h2>\n\n\n\n<p>T\u00edm prvn\u00edm, co mus\u00edme nejv\u00edce promyslet, je velikost prostoru, ve kter\u00e9m chceme vytvo\u0159it st\u00edn. Podle tohoto rozm\u011bru budeme zn\u00e1t nejv\u011bt\u0161\u00ed mo\u017en\u00fd rozm\u011br, ale i vhodnou konstrukci. Ne ka\u017ed\u00e9 st\u00ednidlo lze um\u00edstit do v\u0161ech prostor.<br><br>D\u016fle\u017eit\u00fd je tak\u00e9 tvar prostoru, kter\u00fd budeme zasti\u0148ovat. Prakticky volnou ruku ve v\u00fdb\u011bru budeme m\u00edt na velk\u00fdch zahrad\u00e1ch, kde je prostor otev\u0159en\u00fd. Zast\u00ednit <strong><a href=\"https:\/\/www.potreby.info\/dum-a-bydleni\/set-zahradn%C3%ADho-n%C3%A1bytku\/\">set zahradn\u00edho n\u00e1bytku<\/a><\/strong>, vytvo\u0159it st\u00edn u <strong><a href=\"http:\/\/a\">baz\u00e9nu<\/a><\/strong>, nebo nad <strong><a href=\"https:\/\/www.potreby.info\/dum-a-bydleni\/p%C3%ADskovi%C5%A1t%C4%9B\/\">p\u00edskovi\u0161t\u011bm<\/a><\/strong>, tak nebude prostorov\u011b nijak omezeno. Jin\u00e9 je to v\u0161ak v\u00a0p\u0159\u00edpad\u011b zast\u00edn\u011bn\u00ed men\u0161\u00edch teras a u\u017e\u0161\u00edch balk\u00f3n\u016f. Zde budeme muset s\u00e1hnout u\u017e po prostorov\u011b specifick\u00fdch st\u00ednidlech.<\/p>\n\n\n\n<h2 class=\"wp-block-heading\">P\u0159enosnost<\/h2>\n\n\n\n<p>D\u016fle\u017eit\u00fdm faktorem p\u0159i v\u00fdb\u011bru <strong><a href=\"https:\/\/www.potreby.info\/dum-a-bydleni\/zast%C3%ADn%C4%9Bn%C3%AD\/\">zast\u00edn\u011bn\u00ed<\/a><\/strong> je tak\u00e9 to, zda jej pl\u00e1nujeme \u010dasto p\u0159emis\u0165ovat. V\u00a0takov\u00e9m p\u0159\u00edpad\u011b budeme volit sp\u00ed\u0161e skladn\u00e9 konstrukce, kter\u00e9 jsou nejen lehk\u00e9, ale i snadno slo\u017eiteln\u00e9 a rozlo\u017eiteln\u00e9. Pokud budeme vy\u017eadovat snadnou manipulovatelnost, v\u00fdb\u011br mo\u017en\u00fdch <strong><a href=\"https:\/\/www.potreby.info\/dum-a-bydleni\/zast%C3%ADn%C4%9Bn%C3%AD\/\">zast\u00edn\u011bn\u00ed<\/a><\/strong> se n\u00e1m zna\u010dn\u011b z\u00fa\u017e\u00ed. Nem\u011bjte v\u0161ak obavy, na dne\u0161n\u00edm trhu je i v\u00a0t\u00e9to kategorii velk\u00fd v\u00fdb\u011br \u0159e\u0161en\u00ed a typ\u016f konstrukc\u00ed.<\/p>\n\n\n\n<h2 class=\"wp-block-heading\">Finance<\/h2>\n\n\n\n<p>Posledn\u00ed av\u0161ak nem\u00e1lo d\u016fle\u017eitou skute\u010dnost\u00ed je n\u00e1\u0161 finan\u010dn\u00ed rozpo\u010det, a tedy kolik pen\u011bz jsme ochotni investovat do nov\u00e9ho <strong><a href=\"https:\/\/www.potreby.info\/dum-a-bydleni\/zast%C3%ADn%C4%9Bn%C3%AD\/\">zast\u00edn\u011bn\u00ed<\/a><\/strong>. Pokud finan\u010dn\u011b omezeni nejsme, v\u00fdb\u011br je zna\u010dn\u00fd. Ti \u0161etrn\u011bj\u0161\u00ed z\u00a0n\u00e1s v\u0161ak jist\u011b ocen\u00ed i celou \u0159adu <a href=\"https:\/\/www.potreby.info\/dum-a-bydleni\/zast%C3%ADn%C4%9Bn%C3%AD\/\"><strong>zast\u00edn\u011bn\u00ed<\/strong> <\/a>ve velmi p\u0159ijateln\u00fdch cen\u00e1ch. Zkr\u00e1tka nab\u00eddka je tak \u0161irok\u00e1, \u017ee prakticky nikdo nebude m\u00edt probl\u00e9m s\u00a0v\u00fdb\u011brem.<br><br>Nekupujte v\u0161ak nic podez\u0159ele levn\u00e9ho. A\u0165 u\u017e se jedn\u00e1 o jakoukoliv formu <strong><a href=\"https:\/\/www.potreby.info\/dum-a-bydleni\/zast%C3%ADn%C4%9Bn%C3%AD\/\">zast\u00edn\u011bn\u00ed<\/a><\/strong>, bude v\u00a0takov\u00e9m p\u0159\u00edpad\u011b z\u0159ejm\u011b vyrobeno z\u00a0nekvalitn\u00edch materi\u00e1l\u016f, kter\u00e9, kdy\u017e budeme m\u00edt \u0161t\u011bst\u00ed, vydr\u017e\u00ed jednu sez\u00f3nu. V\u011b\u0159te, \u017ee dobr\u00fd pocit z\u00a0u\u0161et\u0159en\u00fdch pen\u011bz se bohu\u017eel brzy vytrat\u00ed.<\/p>\n\n\n\n<h2 class=\"wp-block-heading\">JAK\u00c9 TEDY M\u00c1ME MO\u017dNOSTI<\/h2>\n\n\n\n<p>Jak u\u017e jsme se zm\u00ednili d\u0159\u00edve, pokud chceme rychle a efektivn\u011b zast\u00ednit jak\u00e9koliv m\u00edsto, vyb\u00edrat m\u016f\u017eete z\u00a0\u0159ady mo\u017enost\u00ed, z\u00a0nich\u017e ka\u017ed\u00e1 je vhodn\u00e1 do r\u016fzn\u00fdch prostor. P\u0159edstav\u00edme v\u00e1m p\u011bt, \u0159ekn\u011bme z\u00e1kladn\u00edch mo\u017enost\u00ed, kdy v\u00a0ka\u017ed\u00e9 z\u00a0nich m\u016f\u017eete je\u0161t\u011b vyb\u00edrat z\u00a0r\u016fzn\u00fdch rozm\u011br\u016f konkr\u00e9tn\u00edch \u0159e\u0161en\u00ed.<\/p>\n\n\n\n<figure class=\"wp-block-image size-large is-resized\"><a href=\"https:\/\/www.potreby.info\/dum-a-bydleni\/slune%C4%8Dn%C3%ADk\/\"><img loading=\"lazy\" decoding=\"async\" src=\"https:\/\/www.potreby.info\/dum-a-bydleni\/blog\/wp-content\/uploads\/2021\/07\/stinidlo7-1024x483.jpg\" alt=\"st\u00edn na zahrad\u011b\" class=\"wp-image-2787\" width=\"976\" height=\"460\"\/><\/a><figcaption>Slune\u010dn\u00edk<\/figcaption><\/figure>\n\n\n\n<h2 class=\"wp-block-heading\">Slune\u010dn\u00edk<\/h2>\n\n\n\n<p>Asi t\u00edm v\u016fbec nejpopul\u00e1rn\u011bj\u0161\u00edm, a u n\u00e1s tedy nej\u010dast\u011bji viditeln\u00fdm zast\u00edn\u011bn\u00edm, je po\u0159\u00edzen\u00ed <strong><a href=\"https:\/\/www.potreby.info\/dum-a-bydleni\/slune%C4%8Dn%C3%ADk\/\">slune\u010dn\u00edku<\/a><\/strong>. Jejich nejv\u011bt\u0161\u00ed v\u00fdhodou je \u0161irok\u00e1 \u0161k\u00e1la rozm\u011br\u016f a barevn\u00fdch \u0159e\u0161en\u00ed. Dokonce m\u016f\u017eeme vyb\u00edrat i z\u00a0n\u011bkolika konstruk\u010dn\u00edch \u0159e\u0161en\u00ed. Velkou v\u00fdhodou je tak\u00e9 mo\u017enost jejich slo\u017een\u00ed a snadn\u00e9ho p\u0159em\u00edst\u011bn\u00ed, kamkoliv si usmysl\u00edme. Sice to v\u00a0p\u0159\u00edpad\u011b rozm\u011brn\u011bj\u0161\u00edch <a href=\"https:\/\/www.potreby.info\/dum-a-bydleni\/slune%C4%8Dn%C3%ADk\/\"><strong>slune\u010dn\u00edk\u016f<\/strong> <\/a>nebude zcela lehk\u00fd \u00fakon, ale jde to i u t\u011b\u017e\u0161\u00edch kousk\u016f.<br><br>D\u011bl\u00ed se podle typu konstrukce na <strong><a href=\"https:\/\/www.potreby.info\/dum-a-bydleni\/slune%C4%8Dn%C3%ADk-se-st%C5%99edovou-ty%C4%8D%C3%AD\/\">slune\u010dn\u00edky se st\u0159edovou ty\u010d\u00ed<\/a><\/strong> a <strong><a href=\"https:\/\/www.potreby.info\/dum-a-bydleni\/slune%C4%8Dn%C3%ADk-s-bo%C4%8Dn%C3%AD-ty%C4%8D%C3%AD\/\">slune\u010dn\u00edky s\u00a0ty\u010d\u00ed bo\u010dn\u00ed<\/a><\/strong>. U tohoto <strong><a href=\"https:\/\/www.potreby.info\/dum-a-bydleni\/slune%C4%8Dn%C3%ADk\/\">slune\u010dn\u00edku<\/a><\/strong> je jeho st\u0159echa zav\u011b\u0161ena na noze, a proto je jeho nastaven\u00ed a vyu\u017eit\u00ed variabiln\u011bj\u0161\u00ed.<br><br>Dal\u0161\u00ed velmi u\u017eite\u010dnou v\u011bc\u00ed na <strong><a href=\"https:\/\/www.potreby.info\/dum-a-bydleni\/slune%C4%8Dn%C3%ADk\/\">slune\u010dn\u00edku<\/a><\/strong> je kloub, um\u00edst\u011bn\u00fd na nosn\u00e9 ty\u010di, kter\u00fd n\u00e1m umo\u017en\u00ed nakl\u00e1p\u011bn\u00ed st\u0159echy do v\u0161ech sm\u011br\u016f. Tyto <strong><a href=\"https:\/\/www.potreby.info\/dum-a-bydleni\/slune%C4%8Dn%C3%ADk\/\">slune\u010dn\u00edky<\/a><\/strong> jsou sice o n\u011bco dra\u017e\u0161\u00ed, ale p\u0159iplatit se opravdu vyplat\u00ed. Nebudeme tak muset b\u011bhem dne <strong><a href=\"https:\/\/www.potreby.info\/dum-a-bydleni\/slune%C4%8Dn%C3%ADk\/\">slune\u010dn\u00edk<\/a><\/strong> st\u011bhovat, posta\u010d\u00ed nakl\u00e1p\u011bt pouze jeho st\u0159echu.<br><br>Ve tvaru st\u0159echy m\u00e1me tak\u00e9 na v\u00fdb\u011br. Klasikou je <strong>slune\u010dn\u00edk s\u00a0kruhovou st\u0159echou<\/strong>. M\u016f\u017eeme si ale po\u0159\u00eddit i malino netradi\u010dn\u00ed <strong><a href=\"https:\/\/www.potreby.info\/dum-a-bydleni\/%C4%8Dtvercov%C3%BD-slune%C4%8Dn%C3%ADk\/\">\u010dtvercov\u00fd<\/a><\/strong>, \u010di <strong><a href=\"https:\/\/www.potreby.info\/dum-a-bydleni\/obd%C3%A9ln%C3%ADkov%C3%BD-slune%C4%8Dn%C3%ADk\/\">obd\u00e9ln\u00edkov\u00fd slune\u010dn\u00edk<\/a><\/strong>. Ty toti\u017e dok\u00e1\u017e\u00ed velmi efektivn\u011b zast\u00ednit i terasu nebo v\u011bt\u0161\u00ed balkon. V\u00a0p\u0159\u00edpad\u011b, \u017ee m\u00e1me balkon men\u0161\u00edch rozm\u011br\u016f, m\u016f\u017eeme s\u00e1hnout tak\u00e9 po <strong><a href=\"https:\/\/www.potreby.info\/dum-a-bydleni\/slune%C4%8Dn%C3%ADk-p%C5%AFlkruhov%C3%BD\/\">slune\u010dn\u00edku p\u016flkruhov\u00e9m<\/a><\/strong>, kter\u00fd byl zkonstruov\u00e1n k\u00a0um\u00edst\u011bn\u00ed u zdi. Velmi dob\u0159e tak zast\u00edn\u00ed i mal\u00fd balkon, kde by klasick\u00fd <strong><a href=\"https:\/\/www.potreby.info\/dum-a-bydleni\/slune%C4%8Dn%C3%ADk\/\">slune\u010dn\u00edk<\/a><\/strong> zab\u00edral zbyte\u010dn\u011b moc m\u00edsta.<br><br>Volit m\u016f\u017eeme z\u00a0pestr\u00e9 \u0161k\u00e1ly text\u00edli\u00ed pou\u017eit\u00fdch na st\u0159echu <strong><a href=\"https:\/\/www.potreby.info\/dum-a-bydleni\/slune%C4%8Dn%C3%ADk\/\">slune\u010dn\u00edku<\/a><\/strong>. Jde o polyesterovou l\u00e1tku, kter\u00e1 je velmi pevn\u00e1, vodoodpudiv\u00e1 a st\u00e1lobarevn\u00e1. Dokonce od nov\u00e9ho <strong><a href=\"https:\/\/www.potreby.info\/dum-a-bydleni\/slune%C4%8Dn%C3%ADk\/\">slune\u010dn\u00edku<\/a><\/strong> m\u016f\u017eeme z\u00edskat i vysokou UV ochranu, pokud je tedy materi\u00e1l opat\u0159en UV filtrem.<br><br>V p\u0159\u00edpad\u011b, \u017ee se o <strong><a href=\"https:\/\/www.potreby.info\/dum-a-bydleni\/slune%C4%8Dn%C3%ADk\/\">slune\u010dn\u00edc\u00edch<\/a><\/strong> chcete dozv\u011bd\u011bt je\u0161t\u011b v\u00edce, doporu\u010dujeme v\u00e1m p\u0159e\u010d\u00edst si je\u0161t\u011b dva \u010dl\u00e1nky na na\u0161em blogu, kter\u00e9 se jimi zab\u00fdvaj\u00ed. Nesou n\u00e1zvy <strong><a href=\"https:\/\/www.potreby.info\/dum-a-bydleni\/blog\/jak-vybrat-nejvhodnejsi-slunecnik\/\">Jak vybrat nejvhodn\u011bj\u0161\u00ed slune\u010dn\u00edk<\/a><\/strong> a <strong><a href=\"https:\/\/www.potreby.info\/dum-a-bydleni\/blog\/co-je-geotextilie-a-jake-ma-vlastnosti\/\">\u010ci\u0161t\u011bn\u00ed a \u00fadr\u017eba slune\u010dn\u00edku<\/a><\/strong>.<\/p>\n\n\n\n<figure class=\"wp-block-image size-large is-resized\"><a href=\"https:\/\/www.potreby.info\/dum-a-bydleni\/party-stan\/\"><img loading=\"lazy\" decoding=\"async\" src=\"https:\/\/www.potreby.info\/dum-a-bydleni\/blog\/wp-content\/uploads\/2021\/07\/stinidlo2-1024x483.jpg\" alt=\"p\u00e1rty stan\" class=\"wp-image-2782\" width=\"1007\" height=\"475\"\/><\/a><figcaption>Party stan<\/figcaption><\/figure>\n\n\n\n<h2 class=\"wp-block-heading\">Party stan<\/h2>\n\n\n\n<p>I kdy\u017e se to z\u00a0n\u00e1zvu m\u016f\u017ee zd\u00e1t, <strong><a href=\"https:\/\/www.potreby.info\/dum-a-bydleni\/party-stan\/\">party stan<\/a><\/strong> nen\u00ed ur\u010den pouze k\u00a0vybudov\u00e1n\u00ed do\u010dasn\u00e9ho p\u0159\u00edst\u0159e\u0161ku na n\u011bjak\u00e9 oslav\u011b. Skv\u011ble jej m\u016f\u017eeme vyu\u017e\u00edt i jako st\u00e1l\u00fd <strong><a href=\"https:\/\/www.potreby.info\/dum-a-bydleni\/zahradn%C3%AD-p%C5%99%C3%ADst%C5%99e%C5%A1ek\/\">zahradn\u00ed p\u0159\u00edst\u0159e\u0161ek<\/a><\/strong>. Poskytne n\u00e1m k\u00fd\u017een\u00fd st\u00edn a jeho po\u0159\u00edzen\u00ed n\u00e1s finan\u010dn\u011b nezruinuje. Nav\u00edc postaven\u00ed je ot\u00e1zkou n\u011bkolika minut.<br><br>Vyb\u00edrat m\u016f\u017eeme ze dvou typ\u016f konstrukc\u00ed <strong><a href=\"https:\/\/www.potreby.info\/dum-a-bydleni\/party-stan\/\">stan\u016f<\/a><\/strong>. Tou prvn\u00ed je konstrukce trubkov\u00e1, se kterou jsou <a href=\"https:\/\/www.potreby.info\/dum-a-bydleni\/party-stan\/\"><strong>party stany<\/strong> <\/a>sice levn\u011bj\u0161\u00ed, ale jejich postaven\u00ed je n\u00e1ro\u010dn\u011bj\u0161\u00ed. Prakticky instantn\u00edmi p\u0159\u00edst\u0159e\u0161ky jsou <strong><a href=\"https:\/\/www.potreby.info\/dum-a-bydleni\/party-stan-s-n%C5%AF%C5%BEkovou-konstrukc%C3%AD\/\">party stany s\u00a0n\u016f\u017ekovou konstrukc\u00ed<\/a><\/strong>. Tu lze v\u00a0principu p\u0159irovnat k\u00a0otev\u00edr\u00e1n\u00ed de\u0161tn\u00edku.<br><br>Kovov\u00e1, ide\u00e1ln\u011b pak hlin\u00edkov\u00e1, konstrukce <strong><a href=\"https:\/\/www.potreby.info\/dum-a-bydleni\/party-stan\/\">party stanu<\/a><\/strong> je p\u0159ekryta pevnou a odolnou text\u00edli\u00ed r\u016fzn\u00fdch barev. Snadno tak vybereme tu nejv\u00edce hod\u00edc\u00ed se na na\u0161i terasu, \u010di zahradu.<br><br>I kdy\u017e se jedn\u00e1 o <strong><a href=\"https:\/\/www.potreby.info\/dum-a-bydleni\/party-stan\/\">stany<\/a><\/strong> r\u016fzn\u00fdch rozm\u011br\u016f, nejde zrovna o n\u011bjak\u00e9 drobe\u010dky. V\u017edy tedy mus\u00edme pro n\u011bj m\u00edt dostatek m\u00edsta, jinak by sp\u00ed\u0161e vadil, ne\u017eli dob\u0159e slou\u017eil.<br><br>Pokud se v\u00e1m jev\u00ed <strong><a href=\"https:\/\/www.potreby.info\/dum-a-bydleni\/party-stan\/\">party stan<\/a><\/strong> jako skv\u011bl\u00e9 \u0159e\u0161en\u00ed pro vytvo\u0159en\u00ed st\u00ednu na va\u0161\u00ed zahrad\u011b nebo terase, nab\u00edz\u00edme v\u00e1m k\u00a0p\u0159e\u010dten\u00ed \u010dl\u00e1nek s\u00a0n\u00e1zvem <strong><a href=\"https:\/\/www.potreby.info\/dum-a-bydleni\/blog\/zahradni-party-stan-aneb-instantni-pristresek-vzdy-po-ruce\/\">Zahradn\u00ed party stan aneb instantn\u00ed p\u0159\u00edst\u0159e\u0161ek v\u017edy po ruce<\/a><\/strong>, kter\u00fd se jimi zab\u00fdv\u00e1 podrobn\u011bji, a m\u016f\u017eete tak d\u00edky n\u011bmu z\u00edskat podstatn\u00e9 informace, t\u00fdkaj\u00edc\u00ed se pou\u017eit\u00fdch materi\u00e1l\u016f, typ\u016f konstrukc\u00ed a dal\u0161\u00edho.<\/p>\n\n\n\n<figure class=\"wp-block-image size-large is-resized\"><a href=\"https:\/\/www.potreby.info\/dum-a-bydleni\/alt%C3%A1n\/\"><img loading=\"lazy\" decoding=\"async\" src=\"https:\/\/www.potreby.info\/dum-a-bydleni\/blog\/wp-content\/uploads\/2021\/07\/stinidlo3-1024x483.jpg\" alt=\"alt\u00e1n\" class=\"wp-image-2783\" width=\"907\" height=\"427\"\/><\/a><figcaption>Zahradn\u00ed alt\u00e1n<\/figcaption><\/figure>\n\n\n\n<h2 class=\"wp-block-heading\">Zahradn\u00ed alt\u00e1n<\/h2>\n\n\n\n<p>Pod pojmem <strong><a href=\"https:\/\/www.potreby.info\/dum-a-bydleni\/zahradn%C3%AD-alt%C3%A1n\/\">zahradn\u00ed alt\u00e1n<\/a><\/strong> si v\u011bt\u0161ina z\u00a0n\u00e1s p\u0159edstav\u00ed d\u0159ev\u011bnou stavbu se st\u0159echou, tedy rozhodn\u011b nic snadno a rychle instalovateln\u00e9ho. Pokud ale jde o <strong><a href=\"https:\/\/www.potreby.info\/dum-a-bydleni\/zahradn%C3%AD-alt%C3%A1n\/\">alt\u00e1n<\/a><\/strong> s\u00a0rozlo\u017eitelnou kovovou konstrukc\u00ed, je to n\u011bco jin\u00e9ho. Tyto <strong><a href=\"https:\/\/www.potreby.info\/dum-a-bydleni\/zahradn%C3%AD-alt%C3%A1n\/\">alt\u00e1ny<\/a><\/strong> jsou sice, ze skupiny n\u00e1mi vybran\u00fdch mo\u017enost\u00ed zast\u00edn\u011bn\u00ed, na postaven\u00ed z\u0159ejm\u011b nejn\u00e1ro\u010dn\u011bj\u0161\u00ed, ale ani v\u00a0tomto p\u0159\u00edpad\u011b nejde o nic slo\u017eit\u00e9ho.<br><br>I v\u00a0tomto p\u0159\u00edpad\u011b m\u016f\u017eeme vyb\u00edrat z\u00a0\u0159ady velikost\u00ed a snadno tak z\u00edskat ten nejvhodn\u011bj\u0161\u00ed <strong><a href=\"https:\/\/www.potreby.info\/dum-a-bydleni\/zahradn%C3%AD-alt%C3%A1n\/\">alt\u00e1n<\/a><\/strong> pro n\u00e1\u0161 \u00fakryt p\u0159ed sluncem. P\u0159i v\u00fdb\u011bru op\u011bt klademe d\u016fraz na kvalitu materi\u00e1lu a pevnost konstrukce. Nikdo p\u0159ece nechce rozviklan\u00fd <strong><a href=\"https:\/\/www.potreby.info\/dum-a-bydleni\/zahradn%C3%AD-alt%C3%A1n\/\">alt\u00e1nek<\/a><\/strong>, kter\u00fd odfoukne i slab\u0161\u00ed v\u00edtr.<\/p>\n\n\n\n<figure class=\"wp-block-image size-large is-resized\"><a href=\"https:\/\/www.potreby.info\/dum-a-bydleni\/st%C3%ADn%C3%ADc%C3%AD-plachta\/\"><img loading=\"lazy\" decoding=\"async\" src=\"https:\/\/www.potreby.info\/dum-a-bydleni\/blog\/wp-content\/uploads\/2021\/07\/stinidlo1-1024x483.jpg\" alt=\"plachta na zast\u00edn\u011bn\u00ed.\" class=\"wp-image-2781\" width=\"951\" height=\"448\"\/><\/a><figcaption>St\u00edn\u00edc\u00ed plachta<\/figcaption><\/figure>\n\n\n\n<h2 class=\"wp-block-heading\">St\u00edn\u00edc\u00ed plachta<\/h2>\n\n\n\n<p>Vzhledov\u011b velmi p\u016fsobiv\u00fdm a modern\u00edm \u0159e\u0161en\u00edm zast\u00edn\u011bn\u00ed relaxa\u010dn\u00ed z\u00f3ny je po\u0159\u00edzen\u00ed <strong><a href=\"https:\/\/www.potreby.info\/dum-a-bydleni\/st%C3%ADn%C3%ADc%C3%AD-plachta\/\">st\u00edn\u00edc\u00ed plachty<\/a> <\/strong>nebo jinak tak\u00e9 <strong><a href=\"https:\/\/www.potreby.info\/dum-a-bydleni\/st%C3%ADn%C3%ADc%C3%AD-plachta\/\">plachty slune\u010dn\u00ed<\/a><\/strong>. Ta nem\u00e1 \u017e\u00e1dnou nosnou konstrukci, je ji proto nutn\u00e9 napnout, nej\u010dast\u011bji mezi t\u0159emi nebo \u010dty\u0159mi body. Jde tedy o <a href=\"https:\/\/www.potreby.info\/dum-a-bydleni\/st%C3%ADn%C3%ADc%C3%AD-plachta-troj%C3%BAheln%C3%ADkov%C3%A1\/\"><strong>st\u00edn\u00edc\u00ed plachtu troj\u00faheln\u00edkovou<\/strong>, <strong>obd\u00e9ln\u00edkovou<\/strong><\/a> nebo <strong>\u010dtvercovou<\/strong>.<br><br>I <strong><a href=\"https:\/\/www.potreby.info\/dum-a-bydleni\/st%C3%ADn%C3%ADc%C3%AD-plachta\/\">st\u00edn\u00edc\u00ed plachty<\/a><\/strong> jsou k\u00a0dost\u00e1n\u00ed v\u00a0\u0159ad\u011b rozm\u011br\u016f a barev, sta\u010d\u00ed si jen vybrat. Nelze ji v\u0161ak samoz\u0159ejm\u011b napnout kdekoliv, kv\u016fli nutnosti pevn\u00fdch bod\u016f, mezi kter\u00fdmi je v\u017edy nap\u00edn\u00e1na. Skv\u011ble v\u0161ak dopln\u00ed modern\u011b \u0159e\u0161en\u00e9 terasy a zahradn\u00ed posezen\u00ed.<br><br>D\u0159\u00edve jsme se se <\/p>\n\n\n\n<p> setk\u00e1vali sp\u00ed\u0161e na ve\u0159ejn\u00fdch m\u00edstech, z\u00edsk\u00e1vaj\u00ed si v\u0161ak st\u00e1le v\u011bt\u0161\u00ed obl\u00edbenost u \u0161irok\u00e9 ve\u0159ejnosti, a proto se objevuj\u00ed i u mnoha rodinn\u00fdch dom\u016f.<\/p>\n\n\n\n<figure class=\"wp-block-image size-large is-resized\"><a href=\"https:\/\/www.potreby.info\/dum-a-bydleni\/st%C3%ADn%C3%ADc%C3%AD-s%C3%AD%C5%A5\/\"><img loading=\"lazy\" decoding=\"async\" src=\"https:\/\/www.potreby.info\/dum-a-bydleni\/blog\/wp-content\/uploads\/2021\/07\/stinidlo4-1024x483.jpg\" alt=\"st\u00edn\u00edc\u00ed roho\u017e\" class=\"wp-image-2784\" width=\"1016\" height=\"479\"\/><\/a><figcaption>St\u00edn\u00edc\u00ed s\u00ed\u0165<\/figcaption><\/figure>\n\n\n\n<h2 class=\"wp-block-heading\">St\u00edn\u00edc\u00ed s\u00ed\u0165 nebo roho\u017e<\/h2>\n\n\n\n<p>Posledn\u00ed forma zast\u00edn\u011bn\u00ed, kterou uv\u00e1d\u00edme, je mo\u017en\u00e9 po\u0159\u00eddit hned ve dvou proveden\u00edch. Tentokr\u00e1t ji\u017e nejde o zast\u00edn\u011bn\u00ed shora, jako v\u00a0p\u0159edchoz\u00edch p\u0159\u00edpadech, ale o st\u00edn\u011bn\u00ed bo\u010dn\u00ed, kter\u00e9 na mnoha zahrad\u00e1ch, balkonech i teras\u00e1ch jist\u011b p\u0159ijde vhod. D\u00edky <strong><a href=\"https:\/\/www.potreby.info\/dum-a-bydleni\/st%C3%ADn%C3%ADc%C3%AD-s%C3%AD%C5%A5\/\">st\u00edn\u00edc\u00ed s\u00edti<\/a><\/strong> nebo <strong><a href=\"https:\/\/www.potreby.info\/dum-a-bydleni\/st%C3%ADn%C3%ADc%C3%AD-roho%C5%BE\/\">roho\u017ei<\/a><\/strong>, snadno a rychle vytvo\u0159\u00edme st\u00edn, p\u0159ipevn\u011bn\u00edm na plot. Bez v\u011bt\u0161\u00edch probl\u00e9m\u016f, tak m\u016f\u017eeme vytvo\u0159it klidn\u011b i z\u00a0cel\u00e9ho plotu nepr\u016fhlednou st\u011bnu, kter\u00e1 n\u00e1s ochr\u00e1n\u00ed p\u0159ed slune\u010dn\u00edmi paprsky i necht\u011bn\u00fdmi pohledy soused\u016f, \u010di kolemjdouc\u00edch. Nav\u00edc n\u00e1m poskytne i \u010d\u00e1ste\u010dn\u00e9 z\u00e1v\u011bt\u0159\u00ed. Instalace jak <strong><a href=\"https:\/\/www.potreby.info\/dum-a-bydleni\/st%C3%ADn%C3%ADc%C3%AD-s%C3%AD%C5%A5\/\">st\u00edn\u00edc\u00ed s\u00edt\u011b<\/a><\/strong>, tak <strong><a href=\"https:\/\/www.potreby.info\/dum-a-bydleni\/st%C3%ADn%C3%ADc%C3%AD-roho%C5%BE\/\">st\u00edn\u00edc\u00ed roho\u017ee<\/a><\/strong> nen\u00ed nijak obt\u00ed\u017en\u00e1, sta\u010d\u00ed po\u0159\u00eddit odpov\u00eddaj\u00edc\u00ed d\u00e9lku a \u0161\u00ed\u0159ku a p\u0159ipevnit k\u00a0plotu, \u010di z\u00e1bradl\u00ed.<\/p>\n\n\n\n<p><br><br><br><\/p>\n\n\n\n<p>V\u0161ichni jist\u011b ocen\u00edme n\u011bjak\u00fd ten stinn\u00fd \u00fakryt na na\u0161ich zahrad\u00e1ch, dvorech, teras\u00e1ch i balkonech, kde budeme moci pohodln\u011b relaxovat i p\u0159i t\u011bch nejvy\u0161\u0161\u00edch letn\u00edch teplot\u00e1ch. <strong><a href=\"https:\/\/www.potreby.info\/dum-a-bydleni\/slune%C4%8Dn%C3%ADk\/\">Slune\u010dn\u00edky<\/a><\/strong> maj\u00ed mnohostrann\u00e9 pou\u017eit\u00ed, ide\u00e1ln\u00ed jsou na zast\u00edn\u011bn\u00ed jak\u00e9hokoliv <strong><a href=\"https:\/\/www.potreby.info\/dum-a-bydleni\/posezen%C3%AD\/\">posezen\u00ed<\/a><\/strong>, <strong><a href=\"https:\/\/www.potreby.info\/dum-a-bydleni\/d%C4%9Btsk%C3%BD-baz%C3%A9n\/\">d\u011btsk\u00e9ho baz\u00e9nu<\/a><\/strong> a <strong><a href=\"https:\/\/www.potreby.info\/dum-a-bydleni\/p%C3%ADskovi%C5%A1t%C4%9B\/\">p\u00edskovi\u0161t\u011b<\/a><\/strong>. Pokud ho sebou chceme vz\u00edt i na cesty, posta\u010d\u00ed po\u0159\u00eddit men\u0161\u00ed a leh\u010d\u00ed variantu a m\u016f\u017eeme sm\u011ble vyrazit k\u00a0rybn\u00edku, \u010di \u0159ece. V\u00a0zahrad\u00e1ch vyu\u017eijeme tak\u00e9 <strong><a href=\"https:\/\/www.potreby.info\/dum-a-bydleni\/party-stan\/\">party stany<\/a><\/strong>, kter\u00e9 jsou levn\u011bj\u0161\u00ed variantou kovov\u00fdch<strong> <a href=\"https:\/\/www.potreby.info\/dum-a-bydleni\/zahradn%C3%AD-alt%C3%A1n\/\">zahradn\u00edch alt\u00e1n\u016f<\/a><\/strong>. Soukrom\u00ed i st\u00edn na na\u0161ich zahrad\u00e1ch i balkonech vytvo\u0159\u00edme d\u00edky <strong><a href=\"https:\/\/www.potreby.info\/dum-a-bydleni\/st%C3%ADn%C3%ADc%C3%AD-s%C3%AD%C5%A5\/\">st\u00edn\u00edc\u00edm s\u00edt\u00edm<\/a><\/strong> a <strong><a href=\"https:\/\/www.potreby.info\/dum-a-bydleni\/st%C3%ADn%C3%ADc%C3%AD-roho%C5%BE\/\">st\u00edn\u00edc\u00edm roho\u017e\u00edm<\/a><\/strong>. Zkr\u00e1tka, mo\u017enost\u00ed jak vytvo\u0159it p\u0159\u00edjemn\u00fd st\u00edn je cel\u00e1 \u0159ada, sta\u010d\u00ed jen promyslet, kter\u00e1 \u0159e\u0161en\u00ed bude pr\u00e1v\u011b pro n\u00e1s tou nejvhodn\u011bj\u0161\u00edm.<br><br>P\u0159ejeme v\u00e1m p\u0159\u00edjemn\u00e9 chv\u00edle odpo\u010dinku!<\/p>\n","protected":false},"excerpt":{"rendered":"<p>L\u00e9to je v\u00a0pln\u00e9m proudu, vysok\u00e9 teploty n\u00e1s l\u00e1kaj\u00ed k\u00a0nejr\u016fzn\u011bj\u0161\u00edm letn\u00edm radov\u00e1nk\u00e1m. Zaplavat si v\u00a0baz\u00e9nu a po\u0159\u00e1dn\u011b se osv\u011b\u017eit, zaleno\u0161it si na zahradn\u00edm leh\u00e1tku, t\u0159eba s\u00a0kn\u00ed\u017ekou v\u00a0ruce, u\u017e\u00edt si po\u0159\u00e1dn\u00e9 grilov\u00e1n\u00ed s\u00a0partou p\u0159\u00edtel \u010di rodinou. I kdy\u017e jsme se jist\u011b na slun\u00ed\u010dko t\u011b\u0161ili a na ja\u0159e ji\u017e vyhl\u00ed\u017eeli jeho h\u0159ejiv\u011bj\u0161\u00ed paprsky, v\u0161eho moc \u0161kod\u00ed, a proto [&hellip;]<\/p>\n","protected":false},"author":2,"featured_media":0,"comment_status":"closed","ping_status":"","sticky":false,"template":"","format":"standard","meta":{"footnotes":""},"categories":[70,21,4,7,65,23,74,73,58],"tags":[],"class_list":["post-2788","post","type-post","status-publish","format-standard","hentry","category-altan","category-domov","category-na-zahradu-balkon-ci-terasu","category-odpocinek-na-cerstvem-vzduchu","category-party-stan","category-porizujeme","category-slunecnik","category-stinici-plachta","category-zahrada"],"_links":{"self":[{"href":"https:\/\/www.potreby.info\/dum-a-bydleni\/blog\/wp-json\/wp\/v2\/posts\/2788","targetHints":{"allow":["GET"]}}],"collection":[{"href":"https:\/\/www.potreby.info\/dum-a-bydleni\/blog\/wp-json\/wp\/v2\/posts"}],"about":[{"href":"https:\/\/www.potreby.info\/dum-a-bydleni\/blog\/wp-json\/wp\/v2\/types\/post"}],"author":[{"embeddable":true,"href":"https:\/\/www.potreby.info\/dum-a-bydleni\/blog\/wp-json\/wp\/v2\/users\/2"}],"replies":[{"embeddable":true,"href":"https:\/\/www.potreby.info\/dum-a-bydleni\/blog\/wp-json\/wp\/v2\/comments?post=2788"}],"version-history":[{"count":2,"href":"https:\/\/www.potreby.info\/dum-a-bydleni\/blog\/wp-json\/wp\/v2\/posts\/2788\/revisions"}],"predecessor-version":[{"id":2790,"href":"https:\/\/www.potreby.info\/dum-a-bydleni\/blog\/wp-json\/wp\/v2\/posts\/2788\/revisions\/2790"}],"wp:attachment":[{"href":"https:\/\/www.potreby.info\/dum-a-bydleni\/blog\/wp-json\/wp\/v2\/media?parent=2788"}],"wp:term":[{"taxonomy":"category","embeddable":true,"href":"https:\/\/www.potreby.info\/dum-a-bydleni\/blog\/wp-json\/wp\/v2\/categories?post=2788"},{"taxonomy":"post_tag","embeddable":true,"href":"https:\/\/www.potreby.info\/dum-a-bydleni\/blog\/wp-json\/wp\/v2\/tags?post=2788"}],"curies":[{"name":"wp","href":"https:\/\/api.w.org\/{rel}","templated":true}]}}